{"id":3543,"date":"2018-10-12T12:34:06","date_gmt":"2018-10-12T12:34:06","guid":{"rendered":"http:\/\/josefelixvaldivieso.com\/?p=3543"},"modified":"2018-11-11T18:22:03","modified_gmt":"2018-11-11T18:22:03","slug":"the-artist","status":"publish","type":"post","link":"http:\/\/josefelixvaldivieso.com\/en\/the-artist\/","title":{"rendered":"The Artist"},"content":{"rendered":"The French movie that conquered the world\u2019s heart.<\/p>\n<p>&nbsp;<\/p>\n<p class=\"p1\"><span class=\"s1\">Today, October 12, marks the premiere in France of\u00a0<\/span><strong><em>The Artist<\/em><\/strong>.<\/p>\n<p class=\"p1\"><span class=\"s1\">Looking through my diaries, I came across an entry I made on January 26, 2012 and that I leave here as a small, humble homage to the film:<\/span><\/p>\n<blockquote><p><em><span class=\"s1\"> Yesterday I went to see\u00a0The Artist, silent, black and white and a wonderful description of the fall of a man unable to adapt to changing times; in his case, the arrival of the talkies, and who is saved\u00a0in extremis\u00a0by something that surely he, along with many others, least expected at that moment in his life: a ray of love. <\/span><\/em><\/p><\/blockquote>","protected":false},"excerpt":{"rendered":"<p>The French movie that conquered the world\u2019s heart. &nbsp; Today, October 12, marks the premiere in France of\u00a0The Artist. Looking through my diaries, I came across an entry I made&#8230;<\/p>\n","protected":false},"author":1,"featured_media":3548,"comment_status":"closed","ping_status":"closed","sticky":false,"template":"","format":"video","meta":{"footnotes":""},"categories":[60],"tags":[49],"class_list":{"0":"post-3543","1":"post","2":"type-post","3":"status-publish","4":"format-video","5":"has-post-thumbnail","7":"category-cine","8":"tag-arte","9":"post_format-post-format-video"},"yoast_head":"<!-- This site is optimized with the Yoast SEO plugin v27.5 - https:\/\/yoast.com\/product\/yoast-seo-wordpress\/ -->\n<title>The Artist<\/title>\n<meta name=\"description\" content=\"The Artist, la pel\u00edcula francesa que conquist\u00f3 el mundo. Muda, en blanco y negro, y una estupenda descripci\u00f3n de la ca\u00edda de un hombre que no se sabe adaptar a la aparici\u00f3n del cine sonoro\" \/>\n<meta name=\"robots\" content=\"index, follow, max-snippet:-1, max-image-preview:large, max-video-preview:-1\" \/>\n<link rel=\"canonical\" href=\"http:\/\/josefelixvaldivieso.com\/en\/the-artist\/\" \/>\n<meta property=\"og:locale\" content=\"en_US\" \/>\n<meta property=\"og:type\" content=\"article\" \/>\n<meta property=\"og:title\" content=\"The Artist\" \/>\n<meta property=\"og:description\" content=\"The Artist, la pel\u00edcula francesa que conquist\u00f3 el mundo. Muda, en blanco y negro, y una estupenda descripci\u00f3n de la ca\u00edda de un hombre que no se sabe adaptar a la aparici\u00f3n del cine sonoro\" \/>\n<meta property=\"og:url\" content=\"http:\/\/josefelixvaldivieso.com\/en\/the-artist\/\" \/>\n<meta property=\"og:site_name\" content=\"Jos\u00e9 F\u00e9lix Valdivieso\" \/>\n<meta property=\"article:published_time\" content=\"2018-10-12T12:34:06+00:00\" \/>\n<meta property=\"article:modified_time\" content=\"2018-11-11T18:22:03+00:00\" \/>\n<meta property=\"og:image\" content=\"http:\/\/josefelixvaldivieso.com\/wp-content\/uploads\/the-artist.jpeg\" \/>\n\t<meta property=\"og:image:width\" content=\"1600\" \/>\n\t<meta property=\"og:image:height\" content=\"900\" \/>\n\t<meta property=\"og:image:type\" content=\"image\/jpeg\" \/>\n<meta name=\"author\" content=\"Jos\u00e9 F\u00e9lix Valdivieso\" \/>\n<meta name=\"twitter:card\" content=\"summary_large_image\" \/>\n<meta name=\"twitter:label1\" content=\"Written by\" \/>\n\t<meta name=\"twitter:data1\" content=\"Jos\u00e9 F\u00e9lix Valdivieso\" \/>\n\t<meta name=\"twitter:label2\" content=\"Est. reading time\" \/>\n\t<meta name=\"twitter:data2\" content=\"1 minute\" \/>\n<script type=\"application\/ld+json\" class=\"yoast-schema-graph\">{\"@context\":\"https:\\\/\\\/schema.org\",\"@graph\":[{\"@type\":\"Article\",\"@id\":\"http:\\\/\\\/josefelixvaldivieso.com\\\/en\\\/the-artist\\\/#article\",\"isPartOf\":{\"@id\":\"http:\\\/\\\/josefelixvaldivieso.com\\\/en\\\/the-artist\\\/\"},\"author\":{\"name\":\"Jos\u00e9 F\u00e9lix Valdivieso\",\"@id\":\"http:\\\/\\\/josefelixvaldivieso.com\\\/en\\\/#\\\/schema\\\/person\\\/3394c1205e44950d4c42c91980b96a64\"},\"headline\":\"The Artist\",\"datePublished\":\"2018-10-12T12:34:06+00:00\",\"dateModified\":\"2018-11-11T18:22:03+00:00\",\"mainEntityOfPage\":{\"@id\":\"http:\\\/\\\/josefelixvaldivieso.com\\\/en\\\/the-artist\\\/\"},\"wordCount\":233,\"image\":{\"@id\":\"http:\\\/\\\/josefelixvaldivieso.com\\\/en\\\/the-artist\\\/#primaryimage\"},\"thumbnailUrl\":\"http:\\\/\\\/josefelixvaldivieso.com\\\/wp-content\\\/uploads\\\/the-artist.jpeg\",\"keywords\":[\"arte\"],\"articleSection\":[\"Cinema\"],\"inLanguage\":\"en-US\"},{\"@type\":\"WebPage\",\"@id\":\"http:\\\/\\\/josefelixvaldivieso.com\\\/en\\\/the-artist\\\/\",\"url\":\"http:\\\/\\\/josefelixvaldivieso.com\\\/en\\\/the-artist\\\/\",\"name\":\"The Artist\",\"isPartOf\":{\"@id\":\"http:\\\/\\\/josefelixvaldivieso.com\\\/en\\\/#website\"},\"primaryImageOfPage\":{\"@id\":\"http:\\\/\\\/josefelixvaldivieso.com\\\/en\\\/the-artist\\\/#primaryimage\"},\"image\":{\"@id\":\"http:\\\/\\\/josefelixvaldivieso.com\\\/en\\\/the-artist\\\/#primaryimage\"},\"thumbnailUrl\":\"http:\\\/\\\/josefelixvaldivieso.com\\\/wp-content\\\/uploads\\\/the-artist.jpeg\",\"datePublished\":\"2018-10-12T12:34:06+00:00\",\"dateModified\":\"2018-11-11T18:22:03+00:00\",\"author\":{\"@id\":\"http:\\\/\\\/josefelixvaldivieso.com\\\/en\\\/#\\\/schema\\\/person\\\/3394c1205e44950d4c42c91980b96a64\"},\"description\":\"The Artist, la pel\u00edcula francesa que conquist\u00f3 el mundo. Muda, en blanco y negro, y una estupenda descripci\u00f3n de la ca\u00edda de un hombre que no se sabe adaptar a la aparici\u00f3n del cine sonoro\",\"breadcrumb\":{\"@id\":\"http:\\\/\\\/josefelixvaldivieso.com\\\/en\\\/the-artist\\\/#breadcrumb\"},\"inLanguage\":\"en-US\",\"potentialAction\":[{\"@type\":\"ReadAction\",\"target\":[\"http:\\\/\\\/josefelixvaldivieso.com\\\/en\\\/the-artist\\\/\"]}]},{\"@type\":\"ImageObject\",\"inLanguage\":\"en-US\",\"@id\":\"http:\\\/\\\/josefelixvaldivieso.com\\\/en\\\/the-artist\\\/#primaryimage\",\"url\":\"http:\\\/\\\/josefelixvaldivieso.com\\\/wp-content\\\/uploads\\\/the-artist.jpeg\",\"contentUrl\":\"http:\\\/\\\/josefelixvaldivieso.com\\\/wp-content\\\/uploads\\\/the-artist.jpeg\",\"width\":1600,\"height\":900,\"caption\":\"the artist\"},{\"@type\":\"BreadcrumbList\",\"@id\":\"http:\\\/\\\/josefelixvaldivieso.com\\\/en\\\/the-artist\\\/#breadcrumb\",\"itemListElement\":[{\"@type\":\"ListItem\",\"position\":1,\"name\":\"Home\",\"item\":\"http:\\\/\\\/josefelixvaldivieso.com\\\/en\\\/\"},{\"@type\":\"ListItem\",\"position\":2,\"name\":\"The Artist\"}]},{\"@type\":\"WebSite\",\"@id\":\"http:\\\/\\\/josefelixvaldivieso.com\\\/en\\\/#website\",\"url\":\"http:\\\/\\\/josefelixvaldivieso.com\\\/en\\\/\",\"name\":\"Jos\u00e9 F\u00e9lix Valdivieso\",\"description\":\"Blog de Autor\",\"potentialAction\":[{\"@type\":\"SearchAction\",\"target\":{\"@type\":\"EntryPoint\",\"urlTemplate\":\"http:\\\/\\\/josefelixvaldivieso.com\\\/en\\\/?s={search_term_string}\"},\"query-input\":{\"@type\":\"PropertyValueSpecification\",\"valueRequired\":true,\"valueName\":\"search_term_string\"}}],\"inLanguage\":\"en-US\"},{\"@type\":\"Person\",\"@id\":\"http:\\\/\\\/josefelixvaldivieso.com\\\/en\\\/#\\\/schema\\\/person\\\/3394c1205e44950d4c42c91980b96a64\",\"name\":\"Jos\u00e9 F\u00e9lix Valdivieso\",\"image\":{\"@type\":\"ImageObject\",\"inLanguage\":\"en-US\",\"@id\":\"https:\\\/\\\/secure.gravatar.com\\\/avatar\\\/61d720f5704314827cf0916550c3a60650ee0a7e7e1979d2fca6650f1e7003f9?s=96&d=mm&r=g\",\"url\":\"https:\\\/\\\/secure.gravatar.com\\\/avatar\\\/61d720f5704314827cf0916550c3a60650ee0a7e7e1979d2fca6650f1e7003f9?s=96&d=mm&r=g\",\"contentUrl\":\"https:\\\/\\\/secure.gravatar.com\\\/avatar\\\/61d720f5704314827cf0916550c3a60650ee0a7e7e1979d2fca6650f1e7003f9?s=96&d=mm&r=g\",\"caption\":\"Jos\u00e9 F\u00e9lix Valdivieso\"}}]}<\/script>\n<!-- \/ Yoast SEO plugin. -->","yoast_head_json":{"title":"The Artist","description":"The Artist, la pel\u00edcula francesa que conquist\u00f3 el mundo. Muda, en blanco y negro, y una estupenda descripci\u00f3n de la ca\u00edda de un hombre que no se sabe adaptar a la aparici\u00f3n del cine sonoro","robots":{"index":"index","follow":"follow","max-snippet":"max-snippet:-1","max-image-preview":"max-image-preview:large","max-video-preview":"max-video-preview:-1"},"canonical":"http:\/\/josefelixvaldivieso.com\/en\/the-artist\/","og_locale":"en_US","og_type":"article","og_title":"The Artist","og_description":"The Artist, la pel\u00edcula francesa que conquist\u00f3 el mundo. Muda, en blanco y negro, y una estupenda descripci\u00f3n de la ca\u00edda de un hombre que no se sabe adaptar a la aparici\u00f3n del cine sonoro","og_url":"http:\/\/josefelixvaldivieso.com\/en\/the-artist\/","og_site_name":"Jos\u00e9 F\u00e9lix Valdivieso","article_published_time":"2018-10-12T12:34:06+00:00","article_modified_time":"2018-11-11T18:22:03+00:00","og_image":[{"width":1600,"height":900,"url":"http:\/\/josefelixvaldivieso.com\/wp-content\/uploads\/the-artist.jpeg","type":"image\/jpeg"}],"author":"Jos\u00e9 F\u00e9lix Valdivieso","twitter_card":"summary_large_image","twitter_misc":{"Written by":"Jos\u00e9 F\u00e9lix Valdivieso","Est. reading time":"1 minute"},"schema":{"@context":"https:\/\/schema.org","@graph":[{"@type":"Article","@id":"http:\/\/josefelixvaldivieso.com\/en\/the-artist\/#article","isPartOf":{"@id":"http:\/\/josefelixvaldivieso.com\/en\/the-artist\/"},"author":{"name":"Jos\u00e9 F\u00e9lix Valdivieso","@id":"http:\/\/josefelixvaldivieso.com\/en\/#\/schema\/person\/3394c1205e44950d4c42c91980b96a64"},"headline":"The Artist","datePublished":"2018-10-12T12:34:06+00:00","dateModified":"2018-11-11T18:22:03+00:00","mainEntityOfPage":{"@id":"http:\/\/josefelixvaldivieso.com\/en\/the-artist\/"},"wordCount":233,"image":{"@id":"http:\/\/josefelixvaldivieso.com\/en\/the-artist\/#primaryimage"},"thumbnailUrl":"http:\/\/josefelixvaldivieso.com\/wp-content\/uploads\/the-artist.jpeg","keywords":["arte"],"articleSection":["Cinema"],"inLanguage":"en-US"},{"@type":"WebPage","@id":"http:\/\/josefelixvaldivieso.com\/en\/the-artist\/","url":"http:\/\/josefelixvaldivieso.com\/en\/the-artist\/","name":"The Artist","isPartOf":{"@id":"http:\/\/josefelixvaldivieso.com\/en\/#website"},"primaryImageOfPage":{"@id":"http:\/\/josefelixvaldivieso.com\/en\/the-artist\/#primaryimage"},"image":{"@id":"http:\/\/josefelixvaldivieso.com\/en\/the-artist\/#primaryimage"},"thumbnailUrl":"http:\/\/josefelixvaldivieso.com\/wp-content\/uploads\/the-artist.jpeg","datePublished":"2018-10-12T12:34:06+00:00","dateModified":"2018-11-11T18:22:03+00:00","author":{"@id":"http:\/\/josefelixvaldivieso.com\/en\/#\/schema\/person\/3394c1205e44950d4c42c91980b96a64"},"description":"The Artist, la pel\u00edcula francesa que conquist\u00f3 el mundo. Muda, en blanco y negro, y una estupenda descripci\u00f3n de la ca\u00edda de un hombre que no se sabe adaptar a la aparici\u00f3n del cine sonoro","breadcrumb":{"@id":"http:\/\/josefelixvaldivieso.com\/en\/the-artist\/#breadcrumb"},"inLanguage":"en-US","potentialAction":[{"@type":"ReadAction","target":["http:\/\/josefelixvaldivieso.com\/en\/the-artist\/"]}]},{"@type":"ImageObject","inLanguage":"en-US","@id":"http:\/\/josefelixvaldivieso.com\/en\/the-artist\/#primaryimage","url":"http:\/\/josefelixvaldivieso.com\/wp-content\/uploads\/the-artist.jpeg","contentUrl":"http:\/\/josefelixvaldivieso.com\/wp-content\/uploads\/the-artist.jpeg","width":1600,"height":900,"caption":"the artist"},{"@type":"BreadcrumbList","@id":"http:\/\/josefelixvaldivieso.com\/en\/the-artist\/#breadcrumb","itemListElement":[{"@type":"ListItem","position":1,"name":"Home","item":"http:\/\/josefelixvaldivieso.com\/en\/"},{"@type":"ListItem","position":2,"name":"The Artist"}]},{"@type":"WebSite","@id":"http:\/\/josefelixvaldivieso.com\/en\/#website","url":"http:\/\/josefelixvaldivieso.com\/en\/","name":"Jos\u00e9 F\u00e9lix Valdivieso","description":"Blog de Autor","potentialAction":[{"@type":"SearchAction","target":{"@type":"EntryPoint","urlTemplate":"http:\/\/josefelixvaldivieso.com\/en\/?s={search_term_string}"},"query-input":{"@type":"PropertyValueSpecification","valueRequired":true,"valueName":"search_term_string"}}],"inLanguage":"en-US"},{"@type":"Person","@id":"http:\/\/josefelixvaldivieso.com\/en\/#\/schema\/person\/3394c1205e44950d4c42c91980b96a64","name":"Jos\u00e9 F\u00e9lix Valdivieso","image":{"@type":"ImageObject","inLanguage":"en-US","@id":"https:\/\/secure.gravatar.com\/avatar\/61d720f5704314827cf0916550c3a60650ee0a7e7e1979d2fca6650f1e7003f9?s=96&d=mm&r=g","url":"https:\/\/secure.gravatar.com\/avatar\/61d720f5704314827cf0916550c3a60650ee0a7e7e1979d2fca6650f1e7003f9?s=96&d=mm&r=g","contentUrl":"https:\/\/secure.gravatar.com\/avatar\/61d720f5704314827cf0916550c3a60650ee0a7e7e1979d2fca6650f1e7003f9?s=96&d=mm&r=g","caption":"Jos\u00e9 F\u00e9lix Valdivieso"}}]}},"_links":{"self":[{"href":"http:\/\/josefelixvaldivieso.com\/en\/wp-json\/wp\/v2\/posts\/3543","targetHints":{"allow":["GET"]}}],"collection":[{"href":"http:\/\/josefelixvaldivieso.com\/en\/wp-json\/wp\/v2\/posts"}],"about":[{"href":"http:\/\/josefelixvaldivieso.com\/en\/wp-json\/wp\/v2\/types\/post"}],"author":[{"embeddable":true,"href":"http:\/\/josefelixvaldivieso.com\/en\/wp-json\/wp\/v2\/users\/1"}],"replies":[{"embeddable":true,"href":"http:\/\/josefelixvaldivieso.com\/en\/wp-json\/wp\/v2\/comments?post=3543"}],"version-history":[{"count":17,"href":"http:\/\/josefelixvaldivieso.com\/en\/wp-json\/wp\/v2\/posts\/3543\/revisions"}],"predecessor-version":[{"id":3561,"href":"http:\/\/josefelixvaldivieso.com\/en\/wp-json\/wp\/v2\/posts\/3543\/revisions\/3561"}],"wp:featuredmedia":[{"embeddable":true,"href":"http:\/\/josefelixvaldivieso.com\/en\/wp-json\/wp\/v2\/media\/3548"}],"wp:attachment":[{"href":"http:\/\/josefelixvaldivieso.com\/en\/wp-json\/wp\/v2\/media?parent=3543"}],"wp:term":[{"taxonomy":"category","embeddable":true,"href":"http:\/\/josefelixvaldivieso.com\/en\/wp-json\/wp\/v2\/categories?post=3543"},{"taxonomy":"post_tag","embeddable":true,"href":"http:\/\/josefelixvaldivieso.com\/en\/wp-json\/wp\/v2\/tags?post=3543"}],"curies":[{"name":"wp","href":"https:\/\/api.w.org\/{rel}","templated":true}]}}