{"id":5220,"date":"2021-04-20T22:51:04","date_gmt":"2021-04-20T21:51:04","guid":{"rendered":"http:\/\/josefelixvaldivieso.com\/?p=5220"},"modified":"2022-01-14T12:39:35","modified_gmt":"2022-01-14T11:39:35","slug":"the-palimpsest-of-life-banksy","status":"publish","type":"post","link":"http:\/\/josefelixvaldivieso.com\/en\/the-palimpsest-of-life-banksy\/","title":{"rendered":"The palimpsest of life: Banksy adds another layer"},"content":{"rendered":"[vc_row type=&#8221;in_container&#8221; full_screen_row_position=&#8221;middle&#8221; scene_position=&#8221;center&#8221; text_color=&#8221;dark&#8221; text_align=&#8221;left&#8221; overlay_strength=&#8221;0.3&#8243; shape_divider_position=&#8221;bottom&#8221; bg_image_animation=&#8221;none&#8221;][vc_column column_padding=&#8221;no-extra-padding&#8221; column_padding_position=&#8221;all&#8221; background_color_opacity=&#8221;1&#8243; background_hover_color_opacity=&#8221;1&#8243; column_link_target=&#8221;_self&#8221; column_shadow=&#8221;none&#8221; column_border_radius=&#8221;none&#8221; width=&#8221;3\/5&#8243; tablet_width_inherit=&#8221;default&#8221; tablet_text_alignment=&#8221;default&#8221; phone_text_alignment=&#8221;default&#8221; column_border_width=&#8221;none&#8221; column_border_style=&#8221;solid&#8221; bg_image_animation=&#8221;none&#8221;][vc_raw_html]JTNDaWZyYW1lJTIwc3JjJTNEJTIyaHR0cHMlM0ElMkYlMkZwbGF5ZXIudmltZW8uY29tJTJGdmlkZW8lMkY1MzkxMjQxNDUlMjIlMjB3aWR0aCUzRCUyMjQ4MCUyMiUyMGhlaWdodCUzRCUyMjQ4MCUyMiUyMGZyYW1lYm9yZGVyJTNEJTIyMCUyMiUyMGFsbG93ZnVsbHNjcmVlbiUzRSUzQyUyRmlmcmFtZSUzRQ==[\/vc_raw_html][\/vc_column][vc_column column_padding=&#8221;no-extra-padding&#8221; column_padding_position=&#8221;all&#8221; background_color_opacity=&#8221;1&#8243; background_hover_color_opacity=&#8221;1&#8243; column_link_target=&#8221;_self&#8221; column_shadow=&#8221;none&#8221; column_border_radius=&#8221;none&#8221; width=&#8221;1\/2&#8243; tablet_width_inherit=&#8221;default&#8221; tablet_text_alignment=&#8221;default&#8221; phone_text_alignment=&#8221;default&#8221; column_border_width=&#8221;none&#8221; column_border_style=&#8221;solid&#8221; bg_image_animation=&#8221;none&#8221;][\/vc_column][\/vc_row][vc_row type=&#8221;in_container&#8221; full_screen_row_position=&#8221;middle&#8221; scene_position=&#8221;center&#8221; text_color=&#8221;dark&#8221; text_align=&#8221;left&#8221; overlay_strength=&#8221;0.3&#8243; shape_divider_position=&#8221;bottom&#8221; bg_image_animation=&#8221;none&#8221;][vc_column column_padding=&#8221;no-extra-padding&#8221; column_padding_position=&#8221;all&#8221; background_color_opacity=&#8221;1&#8243; background_hover_color_opacity=&#8221;1&#8243; column_link_target=&#8221;_self&#8221; column_shadow=&#8221;none&#8221; column_border_radius=&#8221;none&#8221; width=&#8221;1\/1&#8243; tablet_width_inherit=&#8221;default&#8221; tablet_text_alignment=&#8221;default&#8221; phone_text_alignment=&#8221;default&#8221; column_border_width=&#8221;none&#8221; column_border_style=&#8221;solid&#8221; bg_image_animation=&#8221;none&#8221;][vc_column_text]\n<blockquote><p><em><strong>Banksy and Titian in the palimpsest of Madrid. Blek le rat accompanies them as best he can. <\/strong><\/em><\/p><\/blockquote>\n[\/vc_column_text][\/vc_column][\/vc_row][vc_row type=&#8221;in_container&#8221; full_screen_row_position=&#8221;middle&#8221; scene_position=&#8221;center&#8221; text_color=&#8221;dark&#8221; text_align=&#8221;left&#8221; overlay_strength=&#8221;0.3&#8243; shape_divider_position=&#8221;bottom&#8221; bg_image_animation=&#8221;none&#8221;][vc_column column_padding=&#8221;no-extra-padding&#8221; column_padding_position=&#8221;all&#8221; background_color_opacity=&#8221;1&#8243; background_hover_color_opacity=&#8221;1&#8243; column_link_target=&#8221;_self&#8221; column_shadow=&#8221;none&#8221; column_border_radius=&#8221;none&#8221; width=&#8221;1\/1&#8243; tablet_width_inherit=&#8221;default&#8221; tablet_text_alignment=&#8221;default&#8221; phone_text_alignment=&#8221;default&#8221; column_border_width=&#8221;none&#8221; column_border_style=&#8221;solid&#8221; bg_image_animation=&#8221;none&#8221;][vc_column_text]Writing, painting, composing, indeed any manifestation of art, all amount to the same thing: the perpetuation of memory, whether that\u2019s <a href=\"https:\/\/www.christies.com\/features\/Collecting-Guide-Banksy-street-artist-10016-1.aspx\" target=\"_blank\" rel=\"noopener\">Banksy&#8217;s<\/a>, <a href=\"https:\/\/blekleratoriginal.com\/en\/\" target=\"_blank\" rel=\"noopener\">Blek le rat<\/a>, <a href=\"https:\/\/www.museodelprado.es\/actualidad\/exposicion\/tiziano\/62994646-ceb1-4636-badf-d4b36eef903f\" target=\"_blank\" rel=\"noopener\">Titian (don\u2019t miss the exhibition in the Prado)<\/a>.<\/p>\n<p>Of course, the task is impossible, as impossible as human existence itself: as <a href=\"https:\/\/en.wikipedia.org\/wiki\/Sappho\" target=\"_blank\" rel=\"noopener\">Sappho<\/a> noted more than 2.500 years ago, &#8220;There is no road to Olympus for mortals.&#8221;<\/p>\n<p>It doesn\u2019t matter much whether or not one knows the author or the work. Olympus is reserved for the gods, which is to say immortality is not even a forbidden fruit, to be speculated upon, to be sinned against. Quite simply, it\u2019s not an option. Eventually, everything is consigned to the storeroom of oblivion, one more layer of the palimpsest of life.<\/p>\n<p>This may be simply the way things are, but it is our duty to struggle every day, to occupy our lives and add another layer. In my book <a href=\"http:\/\/josefelixvaldivieso.com\/en\/#libros\" target=\"_blank\" rel=\"noopener\">Graffiti of the world<\/a>, sociologist Hans-Maria Bauer urges street artists everywhere to reproduce the Lumen Cox graffiti in every corner of the planet, in turn inviting the whole world to write over them with whatever they like, until all traces of Lumen Cox are gone.<\/p>\n<p>The objective of this activity is the creation of a universal palimpsest, as Hans-Maria Bauer points out: what best defines our ephemeral existence is the very concept of palimpsest, in which different layers of writing, of traces, are left; this is the most any of us can aspire to.<\/p>\n<p>Banksy has written and painted a great deal, and also overwritten, as he did with <a href=\"https:\/\/twistedsifter.com\/2012\/01\/banksy-vs-robbo-war-in-pictures\/\" target=\"_blank\" rel=\"noopener\">King Robbo<\/a>&#8216;s graffiti. Perhaps aware that in the end everything ends up in the storeroom of oblivion, he guards his identity zealously.<\/p>\n<p>Last Week I visited the <a href=\"https:\/\/www.banksyexhibition.es\/\" target=\"_blank\" rel=\"noopener\">Banksy exhibition in Madrid<\/a>. Don&#8217;t miss it. It\u2019s a bracing immersion in aesthetics and thinking. Nobody packages social critique like Banksy. The exhibition runs until May 9.[\/vc_column_text][\/vc_column][\/vc_row][vc_row type=&#8221;in_container&#8221; full_screen_row_position=&#8221;middle&#8221; scene_position=&#8221;center&#8221; text_color=&#8221;dark&#8221; text_align=&#8221;left&#8221; overlay_strength=&#8221;0.3&#8243; shape_divider_position=&#8221;bottom&#8221; bg_image_animation=&#8221;none&#8221;][vc_column column_padding=&#8221;no-extra-padding&#8221; column_padding_position=&#8221;all&#8221; background_color_opacity=&#8221;1&#8243; background_hover_color_opacity=&#8221;1&#8243; column_link_target=&#8221;_self&#8221; column_shadow=&#8221;none&#8221; column_border_radius=&#8221;none&#8221; width=&#8221;1\/1&#8243; tablet_width_inherit=&#8221;default&#8221; tablet_text_alignment=&#8221;default&#8221; phone_text_alignment=&#8221;default&#8221; column_border_width=&#8221;none&#8221; column_border_style=&#8221;solid&#8221; bg_image_animation=&#8221;none&#8221;][vc_column_text]<strong>P.S: <\/strong>Don&#8217;t forget to check out <a href=\"http:\/\/bleklerat.free.fr\/stencil%20graffiti.html\" target=\"_blank\" rel=\"noopener\">Blek le rat<\/a>.[\/vc_column_text][\/vc_column][\/vc_row][vc_row type=&#8221;in_container&#8221; full_screen_row_position=&#8221;middle&#8221; scene_position=&#8221;center&#8221; text_color=&#8221;dark&#8221; text_align=&#8221;left&#8221; overlay_strength=&#8221;0.3&#8243; shape_divider_position=&#8221;bottom&#8221; bg_image_animation=&#8221;none&#8221;][vc_column column_padding=&#8221;no-extra-padding&#8221; column_padding_position=&#8221;all&#8221; background_color_opacity=&#8221;1&#8243; background_hover_color_opacity=&#8221;1&#8243; column_link_target=&#8221;_self&#8221; column_shadow=&#8221;none&#8221; column_border_radius=&#8221;none&#8221; width=&#8221;3\/5&#8243; tablet_width_inherit=&#8221;default&#8221; tablet_text_alignment=&#8221;default&#8221; phone_text_alignment=&#8221;default&#8221; column_border_width=&#8221;none&#8221; column_border_style=&#8221;solid&#8221; bg_image_animation=&#8221;none&#8221;][image_with_animation image_url=&#8221;5233&#8243; alignment=&#8221;&#8221; animation=&#8221;Fade In&#8221; img_link_large=&#8221;yes&#8221; border_radius=&#8221;none&#8221; box_shadow=&#8221;none&#8221; max_width=&#8221;100%&#8221;][\/vc_column][\/vc_row][vc_row type=&#8221;in_container&#8221; full_screen_row_position=&#8221;middle&#8221; scene_position=&#8221;center&#8221; text_color=&#8221;dark&#8221; text_align=&#8221;left&#8221; overlay_strength=&#8221;0.3&#8243; shape_divider_position=&#8221;bottom&#8221; bg_image_animation=&#8221;none&#8221;][vc_column column_padding=&#8221;no-extra-padding&#8221; column_padding_position=&#8221;all&#8221; background_color_opacity=&#8221;1&#8243; background_hover_color_opacity=&#8221;1&#8243; column_link_target=&#8221;_self&#8221; column_shadow=&#8221;none&#8221; column_border_radius=&#8221;none&#8221; width=&#8221;1\/1&#8243; tablet_width_inherit=&#8221;default&#8221; tablet_text_alignment=&#8221;default&#8221; phone_text_alignment=&#8221;default&#8221; column_border_width=&#8221;none&#8221; column_border_style=&#8221;solid&#8221; bg_image_animation=&#8221;none&#8221;][vc_column_text]<em>The graffito of the story \u00b4Operation Palimpsest\u00b4 was underneath The Queen Elisabeth Hall, London, 2015.<\/em>[\/vc_column_text][\/vc_column][\/vc_row][vc_row type=&#8221;in_container&#8221; full_screen_row_position=&#8221;middle&#8221; scene_position=&#8221;center&#8221; text_color=&#8221;dark&#8221; text_align=&#8221;left&#8221; overlay_strength=&#8221;0.3&#8243; shape_divider_position=&#8221;bottom&#8221; bg_image_animation=&#8221;none&#8221;][vc_column column_padding=&#8221;no-extra-padding&#8221; column_padding_position=&#8221;all&#8221; background_color_opacity=&#8221;1&#8243; background_hover_color_opacity=&#8221;1&#8243; column_link_target=&#8221;_self&#8221; column_shadow=&#8221;none&#8221; column_border_radius=&#8221;none&#8221; width=&#8221;1\/1&#8243; tablet_width_inherit=&#8221;default&#8221; tablet_text_alignment=&#8221;default&#8221; phone_text_alignment=&#8221;default&#8221; column_border_width=&#8221;none&#8221; column_border_style=&#8221;solid&#8221; bg_image_animation=&#8221;none&#8221;][vc_column_text][\/vc_column_text][\/vc_column][\/vc_row]","protected":false},"excerpt":{"rendered":"<p>Banksy and Titian in the palimpsest of Madrid. Blek le rat accompanies them as best he can.<\/p>\n","protected":false},"author":1,"featured_media":5269,"comment_status":"closed","ping_status":"closed","sticky":false,"template":"","format":"gallery","meta":{"footnotes":""},"categories":[135],"tags":[49,117],"class_list":{"0":"post-5220","1":"post","2":"type-post","3":"status-publish","4":"format-gallery","5":"has-post-thumbnail","7":"category-graffiti","8":"tag-arte","9":"tag-graffiti","10":"post_format-post-format-gallery"},"yoast_head":"<!-- This site is optimized with the Yoast SEO plugin v27.5 - https:\/\/yoast.com\/product\/yoast-seo-wordpress\/ -->\n<title>The palimpsest of life: Banksy adds another layer<\/title>\n<meta name=\"description\" content=\"Banksy and Titian in the palimpsest of Madrid. Blek le rat accompanies them as best he can\" \/>\n<meta name=\"robots\" content=\"index, follow, max-snippet:-1, max-image-preview:large, max-video-preview:-1\" \/>\n<link rel=\"canonical\" href=\"https:\/\/josefelixvaldivieso.com\/the-palimpsest-of-life-banksy\/\" \/>\n<meta property=\"og:locale\" content=\"en_US\" \/>\n<meta property=\"og:type\" content=\"article\" \/>\n<meta property=\"og:title\" content=\"[:es]El palimpsesto de la vida: una capa m\u00e1s, Banksy[:en]The palimpsest of life: Banksy adds another layer[:]\" \/>\n<meta property=\"og:description\" content=\"Banksy and Titian in the palimpsest of Madrid. Blek le rat accompanies them as best he can\" \/>\n<meta property=\"og:url\" content=\"https:\/\/josefelixvaldivieso.com\/the-palimpsest-of-life-banksy\/\" \/>\n<meta property=\"og:site_name\" content=\"Jos\u00e9 F\u00e9lix Valdivieso\" \/>\n<meta property=\"article:published_time\" content=\"2021-04-20T21:51:04+00:00\" \/>\n<meta property=\"article:modified_time\" content=\"2022-01-14T11:39:35+00:00\" \/>\n<meta property=\"og:image\" content=\"https:\/\/josefelixvaldivieso.com\/wp-content\/uploads\/palimpsesto-destaca-5.jpg\" \/>\n\t<meta property=\"og:image:width\" content=\"1280\" \/>\n\t<meta property=\"og:image:height\" content=\"720\" \/>\n\t<meta property=\"og:image:type\" content=\"image\/jpeg\" \/>\n<meta name=\"author\" content=\"Jos\u00e9 F\u00e9lix Valdivieso\" \/>\n<meta name=\"twitter:card\" content=\"summary_large_image\" \/>\n<meta name=\"twitter:label1\" content=\"Written by\" \/>\n\t<meta name=\"twitter:data1\" content=\"Jos\u00e9 F\u00e9lix Valdivieso\" \/>\n\t<meta name=\"twitter:label2\" content=\"Est. reading time\" \/>\n\t<meta name=\"twitter:data2\" content=\"3 minutes\" \/>\n<script type=\"application\/ld+json\" class=\"yoast-schema-graph\">{\"@context\":\"https:\\\/\\\/schema.org\",\"@graph\":[{\"@type\":\"Article\",\"@id\":\"https:\\\/\\\/josefelixvaldivieso.com\\\/the-palimpsest-of-life-banksy\\\/#article\",\"isPartOf\":{\"@id\":\"https:\\\/\\\/josefelixvaldivieso.com\\\/the-palimpsest-of-life-banksy\\\/\"},\"author\":{\"name\":\"Jos\u00e9 F\u00e9lix Valdivieso\",\"@id\":\"http:\\\/\\\/josefelixvaldivieso.com\\\/en\\\/#\\\/schema\\\/person\\\/3394c1205e44950d4c42c91980b96a64\"},\"headline\":\"The palimpsest of life: Banksy adds another layer\",\"datePublished\":\"2021-04-20T21:51:04+00:00\",\"dateModified\":\"2022-01-14T11:39:35+00:00\",\"mainEntityOfPage\":{\"@id\":\"https:\\\/\\\/josefelixvaldivieso.com\\\/the-palimpsest-of-life-banksy\\\/\"},\"wordCount\":2350,\"image\":{\"@id\":\"https:\\\/\\\/josefelixvaldivieso.com\\\/the-palimpsest-of-life-banksy\\\/#primaryimage\"},\"thumbnailUrl\":\"http:\\\/\\\/josefelixvaldivieso.com\\\/wp-content\\\/uploads\\\/palimpsesto-destaca-5.jpg\",\"keywords\":[\"arte\",\"Graffiti\"],\"articleSection\":[\"Graffiti\"],\"inLanguage\":\"en-US\"},{\"@type\":\"WebPage\",\"@id\":\"https:\\\/\\\/josefelixvaldivieso.com\\\/the-palimpsest-of-life-banksy\\\/\",\"url\":\"https:\\\/\\\/josefelixvaldivieso.com\\\/the-palimpsest-of-life-banksy\\\/\",\"name\":\"[:es]El palimpsesto de la vida: una capa m\u00e1s, Banksy[:en]The palimpsest of life: Banksy adds another layer[:]\",\"isPartOf\":{\"@id\":\"http:\\\/\\\/josefelixvaldivieso.com\\\/en\\\/#website\"},\"primaryImageOfPage\":{\"@id\":\"https:\\\/\\\/josefelixvaldivieso.com\\\/the-palimpsest-of-life-banksy\\\/#primaryimage\"},\"image\":{\"@id\":\"https:\\\/\\\/josefelixvaldivieso.com\\\/the-palimpsest-of-life-banksy\\\/#primaryimage\"},\"thumbnailUrl\":\"http:\\\/\\\/josefelixvaldivieso.com\\\/wp-content\\\/uploads\\\/palimpsesto-destaca-5.jpg\",\"datePublished\":\"2021-04-20T21:51:04+00:00\",\"dateModified\":\"2022-01-14T11:39:35+00:00\",\"author\":{\"@id\":\"http:\\\/\\\/josefelixvaldivieso.com\\\/en\\\/#\\\/schema\\\/person\\\/3394c1205e44950d4c42c91980b96a64\"},\"description\":\"Banksy and Titian in the palimpsest of Madrid. Blek le rat accompanies them as best he can\",\"breadcrumb\":{\"@id\":\"https:\\\/\\\/josefelixvaldivieso.com\\\/the-palimpsest-of-life-banksy\\\/#breadcrumb\"},\"inLanguage\":\"en-US\",\"potentialAction\":[{\"@type\":\"ReadAction\",\"target\":[\"https:\\\/\\\/josefelixvaldivieso.com\\\/the-palimpsest-of-life-banksy\\\/\"]}]},{\"@type\":\"ImageObject\",\"inLanguage\":\"en-US\",\"@id\":\"https:\\\/\\\/josefelixvaldivieso.com\\\/the-palimpsest-of-life-banksy\\\/#primaryimage\",\"url\":\"http:\\\/\\\/josefelixvaldivieso.com\\\/wp-content\\\/uploads\\\/palimpsesto-destaca-5.jpg\",\"contentUrl\":\"http:\\\/\\\/josefelixvaldivieso.com\\\/wp-content\\\/uploads\\\/palimpsesto-destaca-5.jpg\",\"width\":1280,\"height\":720,\"caption\":\"palimpsesto destaca\"},{\"@type\":\"BreadcrumbList\",\"@id\":\"https:\\\/\\\/josefelixvaldivieso.com\\\/the-palimpsest-of-life-banksy\\\/#breadcrumb\",\"itemListElement\":[{\"@type\":\"ListItem\",\"position\":1,\"name\":\"Home\",\"item\":\"http:\\\/\\\/josefelixvaldivieso.com\\\/en\\\/\"},{\"@type\":\"ListItem\",\"position\":2,\"name\":\"El palimpsesto de la vida: una capa m\u00e1s, Banksy\"}]},{\"@type\":\"WebSite\",\"@id\":\"http:\\\/\\\/josefelixvaldivieso.com\\\/en\\\/#website\",\"url\":\"http:\\\/\\\/josefelixvaldivieso.com\\\/en\\\/\",\"name\":\"Jos\u00e9 F\u00e9lix Valdivieso\",\"description\":\"Blog de Autor\",\"potentialAction\":[{\"@type\":\"SearchAction\",\"target\":{\"@type\":\"EntryPoint\",\"urlTemplate\":\"http:\\\/\\\/josefelixvaldivieso.com\\\/en\\\/?s={search_term_string}\"},\"query-input\":{\"@type\":\"PropertyValueSpecification\",\"valueRequired\":true,\"valueName\":\"search_term_string\"}}],\"inLanguage\":\"en-US\"},{\"@type\":\"Person\",\"@id\":\"http:\\\/\\\/josefelixvaldivieso.com\\\/en\\\/#\\\/schema\\\/person\\\/3394c1205e44950d4c42c91980b96a64\",\"name\":\"Jos\u00e9 F\u00e9lix Valdivieso\",\"image\":{\"@type\":\"ImageObject\",\"inLanguage\":\"en-US\",\"@id\":\"https:\\\/\\\/secure.gravatar.com\\\/avatar\\\/61d720f5704314827cf0916550c3a60650ee0a7e7e1979d2fca6650f1e7003f9?s=96&d=mm&r=g\",\"url\":\"https:\\\/\\\/secure.gravatar.com\\\/avatar\\\/61d720f5704314827cf0916550c3a60650ee0a7e7e1979d2fca6650f1e7003f9?s=96&d=mm&r=g\",\"contentUrl\":\"https:\\\/\\\/secure.gravatar.com\\\/avatar\\\/61d720f5704314827cf0916550c3a60650ee0a7e7e1979d2fca6650f1e7003f9?s=96&d=mm&r=g\",\"caption\":\"Jos\u00e9 F\u00e9lix Valdivieso\"}}]}<\/script>\n<!-- \/ Yoast SEO plugin. -->","yoast_head_json":{"title":"[:es]El palimpsesto de la vida: una capa m\u00e1s, Banksy[:en]The palimpsest of life: Banksy adds another layer[:]","description":"Banksy and Titian in the palimpsest of Madrid. Blek le rat accompanies them as best he can","robots":{"index":"index","follow":"follow","max-snippet":"max-snippet:-1","max-image-preview":"max-image-preview:large","max-video-preview":"max-video-preview:-1"},"canonical":"https:\/\/josefelixvaldivieso.com\/the-palimpsest-of-life-banksy\/","og_locale":"en_US","og_type":"article","og_title":"[:es]El palimpsesto de la vida: una capa m\u00e1s, Banksy[:en]The palimpsest of life: Banksy adds another layer[:]","og_description":"Banksy and Titian in the palimpsest of Madrid. Blek le rat accompanies them as best he can","og_url":"https:\/\/josefelixvaldivieso.com\/the-palimpsest-of-life-banksy\/","og_site_name":"Jos\u00e9 F\u00e9lix Valdivieso","article_published_time":"2021-04-20T21:51:04+00:00","article_modified_time":"2022-01-14T11:39:35+00:00","og_image":[{"width":1280,"height":720,"url":"https:\/\/josefelixvaldivieso.com\/wp-content\/uploads\/palimpsesto-destaca-5.jpg","type":"image\/jpeg"}],"author":"Jos\u00e9 F\u00e9lix Valdivieso","twitter_card":"summary_large_image","twitter_misc":{"Written by":"Jos\u00e9 F\u00e9lix Valdivieso","Est. reading time":"3 minutes"},"schema":{"@context":"https:\/\/schema.org","@graph":[{"@type":"Article","@id":"https:\/\/josefelixvaldivieso.com\/the-palimpsest-of-life-banksy\/#article","isPartOf":{"@id":"https:\/\/josefelixvaldivieso.com\/the-palimpsest-of-life-banksy\/"},"author":{"name":"Jos\u00e9 F\u00e9lix Valdivieso","@id":"http:\/\/josefelixvaldivieso.com\/en\/#\/schema\/person\/3394c1205e44950d4c42c91980b96a64"},"headline":"The palimpsest of life: Banksy adds another layer","datePublished":"2021-04-20T21:51:04+00:00","dateModified":"2022-01-14T11:39:35+00:00","mainEntityOfPage":{"@id":"https:\/\/josefelixvaldivieso.com\/the-palimpsest-of-life-banksy\/"},"wordCount":2350,"image":{"@id":"https:\/\/josefelixvaldivieso.com\/the-palimpsest-of-life-banksy\/#primaryimage"},"thumbnailUrl":"http:\/\/josefelixvaldivieso.com\/wp-content\/uploads\/palimpsesto-destaca-5.jpg","keywords":["arte","Graffiti"],"articleSection":["Graffiti"],"inLanguage":"en-US"},{"@type":"WebPage","@id":"https:\/\/josefelixvaldivieso.com\/the-palimpsest-of-life-banksy\/","url":"https:\/\/josefelixvaldivieso.com\/the-palimpsest-of-life-banksy\/","name":"[:es]El palimpsesto de la vida: una capa m\u00e1s, Banksy[:en]The palimpsest of life: Banksy adds another layer[:]","isPartOf":{"@id":"http:\/\/josefelixvaldivieso.com\/en\/#website"},"primaryImageOfPage":{"@id":"https:\/\/josefelixvaldivieso.com\/the-palimpsest-of-life-banksy\/#primaryimage"},"image":{"@id":"https:\/\/josefelixvaldivieso.com\/the-palimpsest-of-life-banksy\/#primaryimage"},"thumbnailUrl":"http:\/\/josefelixvaldivieso.com\/wp-content\/uploads\/palimpsesto-destaca-5.jpg","datePublished":"2021-04-20T21:51:04+00:00","dateModified":"2022-01-14T11:39:35+00:00","author":{"@id":"http:\/\/josefelixvaldivieso.com\/en\/#\/schema\/person\/3394c1205e44950d4c42c91980b96a64"},"description":"Banksy and Titian in the palimpsest of Madrid. Blek le rat accompanies them as best he can","breadcrumb":{"@id":"https:\/\/josefelixvaldivieso.com\/the-palimpsest-of-life-banksy\/#breadcrumb"},"inLanguage":"en-US","potentialAction":[{"@type":"ReadAction","target":["https:\/\/josefelixvaldivieso.com\/the-palimpsest-of-life-banksy\/"]}]},{"@type":"ImageObject","inLanguage":"en-US","@id":"https:\/\/josefelixvaldivieso.com\/the-palimpsest-of-life-banksy\/#primaryimage","url":"http:\/\/josefelixvaldivieso.com\/wp-content\/uploads\/palimpsesto-destaca-5.jpg","contentUrl":"http:\/\/josefelixvaldivieso.com\/wp-content\/uploads\/palimpsesto-destaca-5.jpg","width":1280,"height":720,"caption":"palimpsesto destaca"},{"@type":"BreadcrumbList","@id":"https:\/\/josefelixvaldivieso.com\/the-palimpsest-of-life-banksy\/#breadcrumb","itemListElement":[{"@type":"ListItem","position":1,"name":"Home","item":"http:\/\/josefelixvaldivieso.com\/en\/"},{"@type":"ListItem","position":2,"name":"El palimpsesto de la vida: una capa m\u00e1s, Banksy"}]},{"@type":"WebSite","@id":"http:\/\/josefelixvaldivieso.com\/en\/#website","url":"http:\/\/josefelixvaldivieso.com\/en\/","name":"Jos\u00e9 F\u00e9lix Valdivieso","description":"Blog de Autor","potentialAction":[{"@type":"SearchAction","target":{"@type":"EntryPoint","urlTemplate":"http:\/\/josefelixvaldivieso.com\/en\/?s={search_term_string}"},"query-input":{"@type":"PropertyValueSpecification","valueRequired":true,"valueName":"search_term_string"}}],"inLanguage":"en-US"},{"@type":"Person","@id":"http:\/\/josefelixvaldivieso.com\/en\/#\/schema\/person\/3394c1205e44950d4c42c91980b96a64","name":"Jos\u00e9 F\u00e9lix Valdivieso","image":{"@type":"ImageObject","inLanguage":"en-US","@id":"https:\/\/secure.gravatar.com\/avatar\/61d720f5704314827cf0916550c3a60650ee0a7e7e1979d2fca6650f1e7003f9?s=96&d=mm&r=g","url":"https:\/\/secure.gravatar.com\/avatar\/61d720f5704314827cf0916550c3a60650ee0a7e7e1979d2fca6650f1e7003f9?s=96&d=mm&r=g","contentUrl":"https:\/\/secure.gravatar.com\/avatar\/61d720f5704314827cf0916550c3a60650ee0a7e7e1979d2fca6650f1e7003f9?s=96&d=mm&r=g","caption":"Jos\u00e9 F\u00e9lix Valdivieso"}}]}},"_links":{"self":[{"href":"http:\/\/josefelixvaldivieso.com\/en\/wp-json\/wp\/v2\/posts\/5220","targetHints":{"allow":["GET"]}}],"collection":[{"href":"http:\/\/josefelixvaldivieso.com\/en\/wp-json\/wp\/v2\/posts"}],"about":[{"href":"http:\/\/josefelixvaldivieso.com\/en\/wp-json\/wp\/v2\/types\/post"}],"author":[{"embeddable":true,"href":"http:\/\/josefelixvaldivieso.com\/en\/wp-json\/wp\/v2\/users\/1"}],"replies":[{"embeddable":true,"href":"http:\/\/josefelixvaldivieso.com\/en\/wp-json\/wp\/v2\/comments?post=5220"}],"version-history":[{"count":44,"href":"http:\/\/josefelixvaldivieso.com\/en\/wp-json\/wp\/v2\/posts\/5220\/revisions"}],"predecessor-version":[{"id":5318,"href":"http:\/\/josefelixvaldivieso.com\/en\/wp-json\/wp\/v2\/posts\/5220\/revisions\/5318"}],"wp:featuredmedia":[{"embeddable":true,"href":"http:\/\/josefelixvaldivieso.com\/en\/wp-json\/wp\/v2\/media\/5269"}],"wp:attachment":[{"href":"http:\/\/josefelixvaldivieso.com\/en\/wp-json\/wp\/v2\/media?parent=5220"}],"wp:term":[{"taxonomy":"category","embeddable":true,"href":"http:\/\/josefelixvaldivieso.com\/en\/wp-json\/wp\/v2\/categories?post=5220"},{"taxonomy":"post_tag","embeddable":true,"href":"http:\/\/josefelixvaldivieso.com\/en\/wp-json\/wp\/v2\/tags?post=5220"}],"curies":[{"name":"wp","href":"https:\/\/api.w.org\/{rel}","templated":true}]}}