{"id":4852,"date":"2020-09-23T13:00:26","date_gmt":"2020-09-23T12:00:26","guid":{"rendered":"http:\/\/josefelixvaldivieso.com\/?p=4852"},"modified":"2022-01-14T12:47:47","modified_gmt":"2022-01-14T11:47:47","slug":"epictetus-in-the-garden-hay-festival-2020","status":"publish","type":"post","link":"https:\/\/josefelixvaldivieso.com\/en\/epictetus-in-the-garden-hay-festival-2020\/","title":{"rendered":"Epictetus in the garden: Hay Festival 2020"},"content":{"rendered":"[vc_row type=&#8221;in_container&#8221; full_screen_row_position=&#8221;middle&#8221; scene_position=&#8221;center&#8221; text_color=&#8221;dark&#8221; text_align=&#8221;left&#8221; overlay_strength=&#8221;0.3&#8243; shape_divider_position=&#8221;bottom&#8221; bg_image_animation=&#8221;none&#8221;][vc_column column_padding=&#8221;no-extra-padding&#8221; column_padding_position=&#8221;all&#8221; background_color_opacity=&#8221;1&#8243; background_hover_color_opacity=&#8221;1&#8243; column_link_target=&#8221;_self&#8221; column_shadow=&#8221;none&#8221; column_border_radius=&#8221;none&#8221; width=&#8221;1\/3&#8243; tablet_width_inherit=&#8221;default&#8221; tablet_text_alignment=&#8221;default&#8221; phone_text_alignment=&#8221;default&#8221; column_border_width=&#8221;none&#8221; column_border_style=&#8221;solid&#8221; bg_image_animation=&#8221;none&#8221;][vc_raw_html]JTNDaWZyYW1lJTIwc3JjJTNEJTIyaHR0cHMlM0ElMkYlMkZwbGF5ZXIudmltZW8uY29tJTJGdmlkZW8lMkY0NjEwNTAxODglMjIlMjB3aWR0aCUzRCUyMjQ4MCUyMiUyMGhlaWdodCUzRCUyMjQ4MCUyMiUyMGZyYW1lYm9yZGVyJTNEJTIyMCUyMiUyMGFsbG93ZnVsbHNjcmVlbiUzRSUzQyUyRmlmcmFtZSUzRQ==[\/vc_raw_html][\/vc_column][vc_column column_padding=&#8221;no-extra-padding&#8221; column_padding_position=&#8221;all&#8221; background_color_opacity=&#8221;1&#8243; background_hover_color_opacity=&#8221;1&#8243; column_link_target=&#8221;_self&#8221; column_shadow=&#8221;none&#8221; column_border_radius=&#8221;none&#8221; width=&#8221;1\/3&#8243; tablet_width_inherit=&#8221;default&#8221; tablet_text_alignment=&#8221;default&#8221; phone_text_alignment=&#8221;default&#8221; column_border_width=&#8221;none&#8221; column_border_style=&#8221;solid&#8221; bg_image_animation=&#8221;none&#8221;][vc_raw_html]JTNDaWZyYW1lJTIwc3JjJTNEJTIyaHR0cHMlM0ElMkYlMkZwbGF5ZXIudmltZW8uY29tJTJGdmlkZW8lMkY0NjEwNDA2NTYlMjIlMjB3aWR0aCUzRCUyMjQ4MCUyMiUyMGhlaWdodCUzRCUyMjQ4MCUyMiUyMGZyYW1lYm9yZGVyJTNEJTIyMCUyMiUyMGFsbG93ZnVsbHNjcmVlbiUzRSUzQyUyRmlmcmFtZSUzRQ==[\/vc_raw_html][\/vc_column][vc_column column_padding=&#8221;no-extra-padding&#8221; column_padding_position=&#8221;all&#8221; background_color_opacity=&#8221;1&#8243; background_hover_color_opacity=&#8221;1&#8243; column_link_target=&#8221;_self&#8221; column_shadow=&#8221;none&#8221; column_border_radius=&#8221;none&#8221; width=&#8221;1\/3&#8243; tablet_width_inherit=&#8221;default&#8221; tablet_text_alignment=&#8221;default&#8221; phone_text_alignment=&#8221;default&#8221; column_border_width=&#8221;none&#8221; column_border_style=&#8221;solid&#8221; bg_image_animation=&#8221;none&#8221;][vc_raw_html]JTNDaWZyYW1lJTIwc3JjJTNEJTIyaHR0cHMlM0ElMkYlMkZwbGF5ZXIudmltZW8uY29tJTJGdmlkZW8lMkY0NjE4Nzc5NjElMjIlMjB3aWR0aCUzRCUyMjQ4MCUyMiUyMGhlaWdodCUzRCUyMjQ4MCUyMiUyMGZyYW1lYm9yZGVyJTNEJTIyMCUyMiUyMGFsbG93ZnVsbHNjcmVlbiUzRSUzQyUyRmlmcmFtZSUzRQ==[\/vc_raw_html][\/vc_column][\/vc_row][vc_row type=&#8221;in_container&#8221; full_screen_row_position=&#8221;middle&#8221; scene_position=&#8221;center&#8221; text_color=&#8221;dark&#8221; text_align=&#8221;left&#8221; overlay_strength=&#8221;0.3&#8243; shape_divider_position=&#8221;bottom&#8221; bg_image_animation=&#8221;none&#8221;][vc_column column_padding=&#8221;no-extra-padding&#8221; column_padding_position=&#8221;all&#8221; background_color_opacity=&#8221;1&#8243; background_hover_color_opacity=&#8221;1&#8243; column_link_target=&#8221;_self&#8221; column_shadow=&#8221;none&#8221; column_border_radius=&#8221;none&#8221; width=&#8221;1\/1&#8243; tablet_width_inherit=&#8221;default&#8221; tablet_text_alignment=&#8221;default&#8221; phone_text_alignment=&#8221;default&#8221; column_border_width=&#8221;none&#8221; column_border_style=&#8221;solid&#8221; bg_image_animation=&#8221;none&#8221;][vc_column_text]\n\n\t\t<style type=\"text\/css\">\n\t\t\t#gallery-2 {\n\t\t\t\tmargin: auto;\n\t\t\t}\n\t\t\t#gallery-2 .gallery-item {\n\t\t\t\tfloat: left;\n\t\t\t\tmargin-top: 10px;\n\t\t\t\ttext-align: center;\n\t\t\t\twidth: 33%;\n\t\t\t}\n\t\t\t#gallery-2 img {\n\t\t\t\tborder: 2px solid #cfcfcf;\n\t\t\t}\n\t\t\t#gallery-2 .gallery-caption {\n\t\t\t\tmargin-left: 0;\n\t\t\t}\n\t\t\t\/* see gallery_shortcode() in wp-includes\/media.php *\/\n\t\t<\/style>\n\t\t<div id='gallery-2' class='gallery galleryid-4852 gallery-columns-3 gallery-size-thumbnail'><dl class='gallery-item'>\n\t\t\t<dt class='gallery-icon landscape'>\n\t\t\t\t<a href='https:\/\/josefelixvaldivieso.com\/en\/epictetus-in-the-garden-hay-festival-2020\/hay-festival-segovia-2020\/'><img loading=\"lazy\" decoding=\"async\" width=\"150\" height=\"150\" src=\"https:\/\/josefelixvaldivieso.com\/wp-content\/uploads\/Hay-festival-segovia-2020-150x150.jpg\" class=\"attachment-thumbnail size-thumbnail\" alt=\"Hay festival segovia 2020\" srcset=\"https:\/\/josefelixvaldivieso.com\/wp-content\/uploads\/Hay-festival-segovia-2020-150x150.jpg 150w, https:\/\/josefelixvaldivieso.com\/wp-content\/uploads\/Hay-festival-segovia-2020-100x100.jpg 100w, https:\/\/josefelixvaldivieso.com\/wp-content\/uploads\/Hay-festival-segovia-2020-140x140.jpg 140w, https:\/\/josefelixvaldivieso.com\/wp-content\/uploads\/Hay-festival-segovia-2020-500x500.jpg 500w, https:\/\/josefelixvaldivieso.com\/wp-content\/uploads\/Hay-festival-segovia-2020-350x350.jpg 350w\" sizes=\"auto, (max-width: 150px) 100vw, 150px\" \/><\/a>\n\t\t\t<\/dt><\/dl><dl class='gallery-item'>\n\t\t\t<dt class='gallery-icon landscape'>\n\t\t\t\t<a href='https:\/\/josefelixvaldivieso.com\/en\/epictetus-in-the-garden-hay-festival-2020\/foto-2-galeria\/'><img loading=\"lazy\" decoding=\"async\" width=\"150\" height=\"150\" src=\"https:\/\/josefelixvaldivieso.com\/wp-content\/uploads\/foto-2-galeria-150x150.jpg\" class=\"attachment-thumbnail size-thumbnail\" alt=\"foto 2 galeria\" srcset=\"https:\/\/josefelixvaldivieso.com\/wp-content\/uploads\/foto-2-galeria-150x150.jpg 150w, https:\/\/josefelixvaldivieso.com\/wp-content\/uploads\/foto-2-galeria-100x100.jpg 100w, https:\/\/josefelixvaldivieso.com\/wp-content\/uploads\/foto-2-galeria-140x140.jpg 140w, https:\/\/josefelixvaldivieso.com\/wp-content\/uploads\/foto-2-galeria-500x500.jpg 500w, https:\/\/josefelixvaldivieso.com\/wp-content\/uploads\/foto-2-galeria-350x350.jpg 350w\" sizes=\"auto, (max-width: 150px) 100vw, 150px\" \/><\/a>\n\t\t\t<\/dt><\/dl><dl class='gallery-item'>\n\t\t\t<dt class='gallery-icon landscape'>\n\t\t\t\t<a href='https:\/\/josefelixvaldivieso.com\/en\/epictetus-in-the-garden-hay-festival-2020\/foto-4-galeria\/'><img loading=\"lazy\" decoding=\"async\" width=\"150\" height=\"150\" src=\"https:\/\/josefelixvaldivieso.com\/wp-content\/uploads\/foto-4-galeria-150x150.jpg\" class=\"attachment-thumbnail size-thumbnail\" alt=\"foto 4 galeria\" srcset=\"https:\/\/josefelixvaldivieso.com\/wp-content\/uploads\/foto-4-galeria-150x150.jpg 150w, https:\/\/josefelixvaldivieso.com\/wp-content\/uploads\/foto-4-galeria-100x100.jpg 100w, https:\/\/josefelixvaldivieso.com\/wp-content\/uploads\/foto-4-galeria-140x140.jpg 140w, https:\/\/josefelixvaldivieso.com\/wp-content\/uploads\/foto-4-galeria-500x500.jpg 500w, https:\/\/josefelixvaldivieso.com\/wp-content\/uploads\/foto-4-galeria-350x350.jpg 350w\" sizes=\"auto, (max-width: 150px) 100vw, 150px\" \/><\/a>\n\t\t\t<\/dt><\/dl><br style=\"clear: both\" \/><dl class='gallery-item'>\n\t\t\t<dt class='gallery-icon landscape'>\n\t\t\t\t<a href='https:\/\/josefelixvaldivieso.com\/en\/epictetus-in-the-garden-hay-festival-2020\/foto-6-galeria\/'><img loading=\"lazy\" decoding=\"async\" width=\"150\" height=\"150\" src=\"https:\/\/josefelixvaldivieso.com\/wp-content\/uploads\/foto-6-galeria-150x150.jpg\" class=\"attachment-thumbnail size-thumbnail\" alt=\"foto 6 galeria\" srcset=\"https:\/\/josefelixvaldivieso.com\/wp-content\/uploads\/foto-6-galeria-150x150.jpg 150w, https:\/\/josefelixvaldivieso.com\/wp-content\/uploads\/foto-6-galeria-100x100.jpg 100w, https:\/\/josefelixvaldivieso.com\/wp-content\/uploads\/foto-6-galeria-140x140.jpg 140w, https:\/\/josefelixvaldivieso.com\/wp-content\/uploads\/foto-6-galeria-500x500.jpg 500w, https:\/\/josefelixvaldivieso.com\/wp-content\/uploads\/foto-6-galeria-350x350.jpg 350w\" sizes=\"auto, (max-width: 150px) 100vw, 150px\" \/><\/a>\n\t\t\t<\/dt><\/dl><dl class='gallery-item'>\n\t\t\t<dt class='gallery-icon landscape'>\n\t\t\t\t<a href='https:\/\/josefelixvaldivieso.com\/en\/epictetus-in-the-garden-hay-festival-2020\/foto-7-galeria\/'><img loading=\"lazy\" decoding=\"async\" width=\"150\" height=\"150\" src=\"https:\/\/josefelixvaldivieso.com\/wp-content\/uploads\/foto-7-galeria-150x150.jpg\" class=\"attachment-thumbnail size-thumbnail\" alt=\"foto 7 galeria\" srcset=\"https:\/\/josefelixvaldivieso.com\/wp-content\/uploads\/foto-7-galeria-150x150.jpg 150w, https:\/\/josefelixvaldivieso.com\/wp-content\/uploads\/foto-7-galeria-100x100.jpg 100w, https:\/\/josefelixvaldivieso.com\/wp-content\/uploads\/foto-7-galeria-140x140.jpg 140w, https:\/\/josefelixvaldivieso.com\/wp-content\/uploads\/foto-7-galeria-500x500.jpg 500w, https:\/\/josefelixvaldivieso.com\/wp-content\/uploads\/foto-7-galeria-350x350.jpg 350w\" sizes=\"auto, (max-width: 150px) 100vw, 150px\" \/><\/a>\n\t\t\t<\/dt><\/dl><dl class='gallery-item'>\n\t\t\t<dt class='gallery-icon landscape'>\n\t\t\t\t<a href='https:\/\/josefelixvaldivieso.com\/en\/epictetus-in-the-garden-hay-festival-2020\/foto-5b-galeria\/'><img loading=\"lazy\" decoding=\"async\" width=\"150\" height=\"150\" src=\"https:\/\/josefelixvaldivieso.com\/wp-content\/uploads\/foto-5b-galeria-150x150.jpg\" class=\"attachment-thumbnail size-thumbnail\" alt=\"foto 5 galer\u00eda\" srcset=\"https:\/\/josefelixvaldivieso.com\/wp-content\/uploads\/foto-5b-galeria-150x150.jpg 150w, https:\/\/josefelixvaldivieso.com\/wp-content\/uploads\/foto-5b-galeria-100x100.jpg 100w, https:\/\/josefelixvaldivieso.com\/wp-content\/uploads\/foto-5b-galeria-140x140.jpg 140w, https:\/\/josefelixvaldivieso.com\/wp-content\/uploads\/foto-5b-galeria-500x500.jpg 500w, https:\/\/josefelixvaldivieso.com\/wp-content\/uploads\/foto-5b-galeria-350x350.jpg 350w\" sizes=\"auto, (max-width: 150px) 100vw, 150px\" \/><\/a>\n\t\t\t<\/dt><\/dl><br style=\"clear: both\" \/>\n\t\t<\/div>\n\n<p>&nbsp;<\/p>\n<h4><\/h4>\n[\/vc_column_text][split_line_heading]\n<h4><strong><em>At the Hay Festival in Segovia 2020 (Awarded with Premio Princesa de Asturias de Comunicaci\u00f3n y Humanidades 2020): <a href=\"https:\/\/en.wikipedia.org\/wiki\/Aurora_Luque\" target=\"_blank\" rel=\"noopener noreferrer\">Aurora Luque<\/a>, winner of the <a href=\"https:\/\/www.loewe.com\/eur\/es\/poetry#:~:text=Raquel%20V%C3%A1zquez,-Raquel%20V%C3%A1zquez%20(Begonte&amp;text=de%20Poes%C3%ADa%20Granajoven).-,En%202019%20gana%20el%20XXXII%20Premio%20Internacional%20de%20Poes%C3%ADa%20FUNDACI%C3%93N,su%20libro%20Aunque%20los%20mapas.\" target=\"_blank\" rel=\"noopener noreferrer\">XXXII Loewe Poetry Award 2019<\/a>, The Ambassador of the Neederlands, The Ambassador of Portugal, The Ambassador of Austria and the Portuguese Tourism Office Director recited poetry at El Jard\u00edn del Romeral.<\/em><\/strong><\/h4>\n[\/split_line_heading][\/vc_column][\/vc_row][vc_row type=&#8221;in_container&#8221; full_screen_row_position=&#8221;middle&#8221; scene_position=&#8221;center&#8221; text_color=&#8221;dark&#8221; text_align=&#8221;left&#8221; overlay_strength=&#8221;0.3&#8243; shape_divider_position=&#8221;bottom&#8221; bg_image_animation=&#8221;none&#8221;][vc_column column_padding=&#8221;no-extra-padding&#8221; column_padding_position=&#8221;all&#8221; background_color_opacity=&#8221;1&#8243; background_hover_color_opacity=&#8221;1&#8243; column_link_target=&#8221;_self&#8221; column_shadow=&#8221;none&#8221; column_border_radius=&#8221;none&#8221; width=&#8221;1\/1&#8243; tablet_width_inherit=&#8221;default&#8221; tablet_text_alignment=&#8221;default&#8221; phone_text_alignment=&#8221;default&#8221; column_border_width=&#8221;none&#8221; column_border_style=&#8221;solid&#8221; bg_image_animation=&#8221;none&#8221;][vc_column_text]<a href=\"https:\/\/twitter.com\/jcggolf?lang=fr\" target=\"_blank\" rel=\"noopener noreferrer\">Juan Carlos Galindo<\/a> of El Pa\u00eds opens his coverage of the <a href=\"https:\/\/www.hayfestival.com\/segovia\/home\" target=\"_blank\" rel=\"noopener noreferrer\">2020 Hay Festival Segovia<\/a> (<a href=\"https:\/\/eur01.safelinks.protection.outlook.com\/?url=https%3A%2F%2Felpais.com%2Fcultura%2F2020-09-20%2Funa-arcadia-cultural-en-el-corazon-de-la-pandemia.html&amp;data=02%7C01%7CFelix.Valdivieso%40ie.edu%7C1cc21249c6914fd3a12f08d85ee86278%7C4a39c5786df042b9a7e0e9eac6d91816%7C1%7C0%7C637363699464233469&amp;sdata=RtqM8H%2BAGIeec8kgIGJrNyNWMoLovyx2i3DhkgqoSIo%3D&amp;reserved=0\" target=\"_blank\" rel=\"noopener noreferrer\">Una arcadia cultural en el coraz\u00f3n de la pandemia<\/a>) recalling that the Greek Stoic philosopher <a href=\"https:\/\/en.wikipedia.org\/wiki\/Epictetus\" target=\"_blank\" rel=\"noopener noreferrer\">Epictetus <\/a>said that what causes suffering in life it is not so much what happens to us but what we say about what happens to us.<\/p>\n<p>Or, as the Spanish theologian and success writer <a href=\"https:\/\/en.wikipedia.org\/wiki\/Pablo_d%27Ors\" target=\"_blank\" rel=\"noopener noreferrer\">Pablo d\u2019Ors <\/a>might say, this year\u2019s event, staged against all the odds, amid uncomfortable but necessary hygiene, is not so much about welfare, but well-being.<\/p>\n<p>For our well-being, the instincts of the body and the desires of the mind must be satisfied, as well as the longings of the soul. After all, longing is what all culture, all poetry, addresses.<\/p>\n<p>As we do every year during the Hay Festival, we\u2019ve addressed those longings, telling stories and reciting poetry in the Jard\u00edn del Romeral, not so much in tongues, but certainly in several languages, and not just with the invitees who were <a href=\"https:\/\/www.hayfestival.com\/p-16901-caroline-michel-hugh-elliott-toni-elliott-christian-ebner-joo-mira-gomes-jan-versteeg-maria-de-lurdes-vale-and-magali-guerrero.aspx?localesetting=en-GB\" target=\"_blank\" rel=\"noopener noreferrer\">on the program<\/a> (<a href=\"https:\/\/www.linkedin.com\/in\/maria-vale-57724536\/\" target=\"_blank\" rel=\"noopener noreferrer\">Maria Vale Portuguese Tourism Office Director<\/a>, <a href=\"https:\/\/www.nato.int\/cps\/en\/natolive\/who_is_who_66492.htm\" target=\"_blank\" rel=\"noopener noreferrer\">Joao Mira-Gomes \u00a0Ambassador of Portugal<\/a>, <a href=\"https:\/\/www.linkedin.com\/in\/jan-versteeg-2b87a222\/\" target=\"_blank\" rel=\"noopener noreferrer\">Jan Versteeg Ambassador of the Neederlands<\/a>, <a href=\"https:\/\/twitter.com\/ch_ebner\" target=\"_blank\" rel=\"noopener noreferrer\">Christian Ebner Ambassador of Austria<\/a>), but with impromptu guests I like to take the liberty of joining us,\u00a0who this year included <a href=\"https:\/\/en.wikipedia.org\/wiki\/Aurora_Luque\" target=\"_blank\" rel=\"noopener noreferrer\">Aurora Luque<\/a>, winner of the <a href=\"https:\/\/www.loewe.com\/eur\/es\/poetry#:~:text=Raquel%20V%C3%A1zquez,-Raquel%20V%C3%A1zquez%20(Begonte&amp;text=de%20Poes%C3%ADa%20Granajoven).-,En%202019%20gana%20el%20XXXII%20Premio%20Internacional%20de%20Poes%C3%ADa%20FUNDACI%C3%93N,su%20libro%20Aunque%20los%20mapas.\" target=\"_blank\" rel=\"noopener noreferrer\">XXXII Loewe Poetry Award 2019<\/a>, <a href=\"https:\/\/www.linkedin.com\/in\/amandajkelly\/\" target=\"_blank\" rel=\"noopener noreferrer\">Amanda Kelly<\/a>, a specialist in art communication, <a href=\"https:\/\/www.amazon.es\/Zoute-veren-gedichten-Barbel-Geijsen\/dp\/9023425405\" target=\"_blank\" rel=\"noopener noreferrer\">Dutch poet B\u00e4rbel Geijsen<\/a> and <a href=\"https:\/\/www.nytimes.com\/by\/raphael-minder\" target=\"_blank\" rel=\"noopener noreferrer\">Raphael Minder<\/a>, <a href=\"https:\/\/en.wikipedia.org\/wiki\/The_New_York_Times\" target=\"_blank\" rel=\"noopener noreferrer\"><em>The New York Times<\/em><\/a>\u2019 correspondent for Spain and Portugal.<\/p>\n<p>Epictetus is recorded as saying in <em>The Discourses<\/em> that the rational animal is only unbearable for the irrational&#8230; Each of us understands in our own way what is rational and irrational, as happens with good and bad and useful and useless.<\/p>\n<p>But reality is contradictory. So much depends on how we talk about reality, our distance from it, and what it tells us. I&#8217;ll leave you with some videos and one of the poems I recited at the festival, <a href=\"http:\/\/josefelixvaldivieso.com\/en\/la-geografia-del-erizo-la-distancia\/\" target=\"_blank\" rel=\"noopener noreferrer\"><em>Distance<\/em><\/a>, from my collection <a href=\"https:\/\/www.amazon.es\/geograf%C3%ADa-del-erizo-COLECCI%C3%93N-ANAQUEL\/dp\/8412130936\" target=\"_blank\" rel=\"noopener noreferrer\"><em>The Geography of the Sea Urchin<\/em><\/a>.[\/vc_column_text][\/vc_column][\/vc_row][vc_row type=&#8221;in_container&#8221; full_screen_row_position=&#8221;middle&#8221; scene_position=&#8221;center&#8221; text_color=&#8221;dark&#8221; text_align=&#8221;left&#8221; overlay_strength=&#8221;0.3&#8243; shape_divider_position=&#8221;bottom&#8221; bg_image_animation=&#8221;none&#8221;][vc_column column_padding=&#8221;no-extra-padding&#8221; column_padding_position=&#8221;all&#8221; background_color_opacity=&#8221;1&#8243; background_hover_color_opacity=&#8221;1&#8243; column_link_target=&#8221;_self&#8221; column_shadow=&#8221;none&#8221; column_border_radius=&#8221;none&#8221; width=&#8221;1\/1&#8243; tablet_width_inherit=&#8221;default&#8221; tablet_text_alignment=&#8221;default&#8221; phone_text_alignment=&#8221;default&#8221; column_border_width=&#8221;none&#8221; column_border_style=&#8221;solid&#8221; bg_image_animation=&#8221;none&#8221;][vc_column_text]<strong>Distance<\/strong><\/p>\n<p>There is a point<br \/>\nat which pain and joy<br \/>\nare equidistant,<br \/>\nand beyond which,<br \/>\nmine, yours,<br \/>\nthe spines,<br \/>\nhurt more than they bring joy.<br \/>\nThere&#8217;s nothing sad about them.<br \/>\nThere&#8217;s no pain in things.<br \/>\nIt&#8217;s the gaze.<br \/>\nKeep your distance.[\/vc_column_text][\/vc_column][\/vc_row][vc_row type=&#8221;in_container&#8221; full_screen_row_position=&#8221;middle&#8221; scene_position=&#8221;center&#8221; text_color=&#8221;dark&#8221; text_align=&#8221;left&#8221; overlay_strength=&#8221;0.3&#8243; shape_divider_position=&#8221;bottom&#8221; bg_image_animation=&#8221;none&#8221;][vc_column column_padding=&#8221;no-extra-padding&#8221; column_padding_position=&#8221;all&#8221; background_color_opacity=&#8221;1&#8243; background_hover_color_opacity=&#8221;1&#8243; column_link_target=&#8221;_self&#8221; column_shadow=&#8221;none&#8221; column_border_radius=&#8221;none&#8221; width=&#8221;1\/1&#8243; tablet_width_inherit=&#8221;default&#8221; tablet_text_alignment=&#8221;default&#8221; phone_text_alignment=&#8221;default&#8221; column_border_width=&#8221;none&#8221; column_border_style=&#8221;solid&#8221; bg_image_animation=&#8221;none&#8221;][vc_column_text]<strong>P.S: <\/strong>As always 1000 thanks to Segovia Hay Festival Director <a href=\"https:\/\/www.linkedin.com\/in\/sheilacremaschi\/\" target=\"_blank\" rel=\"noopener noreferrer\">Sheila Chremaschi<\/a>,\u00a0the President of the Hay Festival <a href=\"https:\/\/www.theguardian.com\/media\/2009\/jan\/26\/caroline-michel-pfd-agency\" target=\"_blank\" rel=\"noopener noreferrer\">Caroline Michel<\/a>, \u00a0the General Director of IE Foundation <a href=\"https:\/\/www.ie.edu\/ie-foundation\/about\/leadership\/geoffroy-gerard\/\" target=\"_blank\" rel=\"noopener noreferrer\">Geoffroy G\u00e9rard<\/a>, and the owner of the garden El Romeral, <a href=\"http:\/\/josefelixvaldivieso.com\/en\/hay-festival-2018-julia-casadevilla-viuda-de-leandri-silva-y-jose-antonio-municio\/\" target=\"_blank\" rel=\"noopener noreferrer\">Julia Casadevilla<\/a> (<a href=\"https:\/\/es.wikipedia.org\/wiki\/Leandro_Silva_Delgado\" target=\"_blank\" rel=\"noopener noreferrer\">Leandro Silva<\/a>\u00b4s widow).[\/vc_column_text][\/vc_column][\/vc_row][vc_row type=&#8221;in_container&#8221; full_screen_row_position=&#8221;middle&#8221; scene_position=&#8221;center&#8221; text_color=&#8221;dark&#8221; text_align=&#8221;left&#8221; overlay_strength=&#8221;0.3&#8243; shape_divider_position=&#8221;bottom&#8221; bg_image_animation=&#8221;none&#8221;][vc_column column_padding=&#8221;no-extra-padding&#8221; column_padding_position=&#8221;all&#8221; background_color_opacity=&#8221;1&#8243; background_hover_color_opacity=&#8221;1&#8243; column_link_target=&#8221;_self&#8221; column_shadow=&#8221;none&#8221; column_border_radius=&#8221;none&#8221; width=&#8221;1\/3&#8243; tablet_width_inherit=&#8221;default&#8221; tablet_text_alignment=&#8221;default&#8221; phone_text_alignment=&#8221;default&#8221; column_border_width=&#8221;none&#8221; column_border_style=&#8221;solid&#8221; bg_image_animation=&#8221;none&#8221;][vc_raw_html]JTNDaWZyYW1lJTIwc3JjJTNEJTIyaHR0cHMlM0ElMkYlMkZwbGF5ZXIudmltZW8uY29tJTJGdmlkZW8lMkY0NjEzNTA0OTElMjIlMjB3aWR0aCUzRCUyMjQ4MCUyMiUyMGhlaWdodCUzRCUyMjQ4MCUyMiUyMGZyYW1lYm9yZGVyJTNEJTIyMCUyMiUyMGFsbG93ZnVsbHNjcmVlbiUzRSUzQyUyRmlmcmFtZSUzRQ==[\/vc_raw_html][\/vc_column][vc_column column_padding=&#8221;no-extra-padding&#8221; column_padding_position=&#8221;all&#8221; background_color_opacity=&#8221;1&#8243; background_hover_color_opacity=&#8221;1&#8243; column_link_target=&#8221;_self&#8221; column_shadow=&#8221;none&#8221; column_border_radius=&#8221;none&#8221; width=&#8221;1\/3&#8243; tablet_width_inherit=&#8221;default&#8221; tablet_text_alignment=&#8221;default&#8221; phone_text_alignment=&#8221;default&#8221; column_border_width=&#8221;none&#8221; column_border_style=&#8221;solid&#8221; bg_image_animation=&#8221;none&#8221;][vc_raw_html]JTNDaWZyYW1lJTIwc3JjJTNEJTIyaHR0cHMlM0ElMkYlMkZwbGF5ZXIudmltZW8uY29tJTJGdmlkZW8lMkY0NjE4NzE5NDUlMjIlMjB3aWR0aCUzRCUyMjQ4MCUyMiUyMGhlaWdodCUzRCUyMjQ4MCUyMiUyMGZyYW1lYm9yZGVyJTNEJTIyMCUyMiUyMGFsbG93ZnVsbHNjcmVlbiUzRSUzQyUyRmlmcmFtZSUzRQ==[\/vc_raw_html][\/vc_column][vc_column column_padding=&#8221;no-extra-padding&#8221; column_padding_position=&#8221;all&#8221; background_color_opacity=&#8221;1&#8243; background_hover_color_opacity=&#8221;1&#8243; column_link_target=&#8221;_self&#8221; column_shadow=&#8221;none&#8221; column_border_radius=&#8221;none&#8221; width=&#8221;1\/3&#8243; tablet_width_inherit=&#8221;default&#8221; tablet_text_alignment=&#8221;default&#8221; phone_text_alignment=&#8221;default&#8221; column_border_width=&#8221;none&#8221; column_border_style=&#8221;solid&#8221; bg_image_animation=&#8221;none&#8221;][vc_raw_html]JTNDaWZyYW1lJTIwc3JjJTNEJTIyaHR0cHMlM0ElMkYlMkZwbGF5ZXIudmltZW8uY29tJTJGdmlkZW8lMkY0NjE4NDg2NzUlMjIlMjB3aWR0aCUzRCUyMjQ4MCUyMiUyMGhlaWdodCUzRCUyMjQ4MCUyMiUyMGZyYW1lYm9yZGVyJTNEJTIyMCUyMiUyMGFsbG93ZnVsbHNjcmVlbiUzRSUzQyUyRmlmcmFtZSUzRQ==[\/vc_raw_html][\/vc_column][\/vc_row]","protected":false},"excerpt":{"rendered":"<p>At the Hay Festival in Segovia 2020 (Awarded with Premio Princesa de Asturias de Comunicaci\u00f3n y Humanidades 2020): Aurora Luque, winner of the XXXII Loewe Poetry Award 2019, The Ambassador of the Neederlands, The Ambassador of Portugal, The Ambassador of Austria and the Portuguese Tourism Office Director recited poetry at El Jard\u00edn del Romeral.<\/p>\n","protected":false},"author":2,"featured_media":4896,"comment_status":"closed","ping_status":"closed","sticky":false,"template":"","format":"gallery","meta":{"footnotes":""},"categories":[55,45,46],"tags":[],"class_list":{"0":"post-4852","1":"post","2":"type-post","3":"status-publish","4":"format-gallery","5":"has-post-thumbnail","7":"category-hay-festival","8":"category-narrativa-breve","9":"category-poesia","10":"post_format-post-format-gallery"},"yoast_head":"<!-- This site is optimized with the Yoast SEO plugin v27.5 - https:\/\/yoast.com\/product\/yoast-seo-wordpress\/ -->\n<title>Epictetus in the garden: Hay Festival 2020<\/title>\n<meta name=\"description\" content=\"Un casual encuentro en la librer\u00eda Rafael Alberti, con el periodista y escritor de El Pa\u00eds, Juan Cruz, lleva a conversar, a trav\u00e9s de Viaje a Canarias, con Mercedes Pinto, Luis Bu\u00f1uel, Pablo Neruda, Lola Larumbe\u2026\" \/>\n<meta name=\"robots\" content=\"index, follow, max-snippet:-1, max-image-preview:large, max-video-preview:-1\" \/>\n<link rel=\"canonical\" href=\"https:\/\/josefelixvaldivieso.com\/epictetus-in-the-garden-hay-festival-2020\/\" \/>\n<meta property=\"og:locale\" content=\"en_US\" \/>\n<meta property=\"og:type\" content=\"article\" \/>\n<meta property=\"og:title\" content=\"[:es]Epicteto en el jard\u00edn: Hay Festival 2020[:en]Epictetus in the garden: Hay Festival 2020[:]\" \/>\n<meta property=\"og:description\" content=\"Un casual encuentro en la librer\u00eda Rafael Alberti, con el periodista y escritor de El Pa\u00eds, Juan Cruz, lleva a conversar, a trav\u00e9s de Viaje a Canarias, con Mercedes Pinto, Luis Bu\u00f1uel, Pablo Neruda, Lola Larumbe\u2026\" \/>\n<meta property=\"og:url\" content=\"https:\/\/josefelixvaldivieso.com\/epictetus-in-the-garden-hay-festival-2020\/\" \/>\n<meta property=\"og:site_name\" content=\"Jos\u00e9 F\u00e9lix Valdivieso\" \/>\n<meta property=\"article:published_time\" content=\"2020-09-23T12:00:26+00:00\" \/>\n<meta property=\"article:modified_time\" content=\"2022-01-14T11:47:47+00:00\" \/>\n<meta property=\"og:image\" content=\"https:\/\/josefelixvaldivieso.com\/wp-content\/uploads\/hay-festival-destaca.jpg\" \/>\n\t<meta property=\"og:image:width\" content=\"1280\" \/>\n\t<meta property=\"og:image:height\" content=\"720\" \/>\n\t<meta property=\"og:image:type\" content=\"image\/jpeg\" \/>\n<meta name=\"author\" content=\"Jos\u00e9 F\u00e9lix Valdivieso\" \/>\n<meta name=\"twitter:card\" content=\"summary_large_image\" \/>\n<meta name=\"twitter:label1\" content=\"Written by\" \/>\n\t<meta name=\"twitter:data1\" content=\"Jos\u00e9 F\u00e9lix Valdivieso\" \/>\n\t<meta name=\"twitter:label2\" content=\"Est. reading time\" \/>\n\t<meta name=\"twitter:data2\" content=\"14 minutes\" \/>\n<script type=\"application\/ld+json\" class=\"yoast-schema-graph\">{\"@context\":\"https:\\\/\\\/schema.org\",\"@graph\":[{\"@type\":\"Article\",\"@id\":\"https:\\\/\\\/josefelixvaldivieso.com\\\/epictetus-in-the-garden-hay-festival-2020\\\/#article\",\"isPartOf\":{\"@id\":\"https:\\\/\\\/josefelixvaldivieso.com\\\/epictetus-in-the-garden-hay-festival-2020\\\/\"},\"author\":{\"name\":\"Jos\u00e9 F\u00e9lix Valdivieso\",\"@id\":\"http:\\\/\\\/josefelixvaldivieso.com\\\/en\\\/#\\\/schema\\\/person\\\/67ba99ab653431f710fce4905a5c8393\"},\"headline\":\"Epictetus in the garden: Hay Festival 2020\",\"datePublished\":\"2020-09-23T12:00:26+00:00\",\"dateModified\":\"2022-01-14T11:47:47+00:00\",\"mainEntityOfPage\":{\"@id\":\"https:\\\/\\\/josefelixvaldivieso.com\\\/epictetus-in-the-garden-hay-festival-2020\\\/\"},\"wordCount\":2902,\"image\":{\"@id\":\"https:\\\/\\\/josefelixvaldivieso.com\\\/epictetus-in-the-garden-hay-festival-2020\\\/#primaryimage\"},\"thumbnailUrl\":\"https:\\\/\\\/josefelixvaldivieso.com\\\/wp-content\\\/uploads\\\/hay-festival-destaca.jpg\",\"articleSection\":[\"Hay Festival\",\"Short story\",\"Poetry\"],\"inLanguage\":\"en-US\"},{\"@type\":\"WebPage\",\"@id\":\"https:\\\/\\\/josefelixvaldivieso.com\\\/epictetus-in-the-garden-hay-festival-2020\\\/\",\"url\":\"https:\\\/\\\/josefelixvaldivieso.com\\\/epictetus-in-the-garden-hay-festival-2020\\\/\",\"name\":\"[:es]Epicteto en el jard\u00edn: Hay Festival 2020[:en]Epictetus in the garden: Hay Festival 2020[:]\",\"isPartOf\":{\"@id\":\"http:\\\/\\\/josefelixvaldivieso.com\\\/en\\\/#website\"},\"primaryImageOfPage\":{\"@id\":\"https:\\\/\\\/josefelixvaldivieso.com\\\/epictetus-in-the-garden-hay-festival-2020\\\/#primaryimage\"},\"image\":{\"@id\":\"https:\\\/\\\/josefelixvaldivieso.com\\\/epictetus-in-the-garden-hay-festival-2020\\\/#primaryimage\"},\"thumbnailUrl\":\"https:\\\/\\\/josefelixvaldivieso.com\\\/wp-content\\\/uploads\\\/hay-festival-destaca.jpg\",\"datePublished\":\"2020-09-23T12:00:26+00:00\",\"dateModified\":\"2022-01-14T11:47:47+00:00\",\"author\":{\"@id\":\"http:\\\/\\\/josefelixvaldivieso.com\\\/en\\\/#\\\/schema\\\/person\\\/67ba99ab653431f710fce4905a5c8393\"},\"description\":\"Un casual encuentro en la librer\u00eda Rafael Alberti, con el periodista y escritor de El Pa\u00eds, Juan Cruz, lleva a conversar, a trav\u00e9s de Viaje a Canarias, con Mercedes Pinto, Luis Bu\u00f1uel, Pablo Neruda, Lola Larumbe\u2026\",\"breadcrumb\":{\"@id\":\"https:\\\/\\\/josefelixvaldivieso.com\\\/epictetus-in-the-garden-hay-festival-2020\\\/#breadcrumb\"},\"inLanguage\":\"en-US\",\"potentialAction\":[{\"@type\":\"ReadAction\",\"target\":[\"https:\\\/\\\/josefelixvaldivieso.com\\\/epictetus-in-the-garden-hay-festival-2020\\\/\"]}]},{\"@type\":\"ImageObject\",\"inLanguage\":\"en-US\",\"@id\":\"https:\\\/\\\/josefelixvaldivieso.com\\\/epictetus-in-the-garden-hay-festival-2020\\\/#primaryimage\",\"url\":\"https:\\\/\\\/josefelixvaldivieso.com\\\/wp-content\\\/uploads\\\/hay-festival-destaca.jpg\",\"contentUrl\":\"https:\\\/\\\/josefelixvaldivieso.com\\\/wp-content\\\/uploads\\\/hay-festival-destaca.jpg\",\"width\":1280,\"height\":720,\"caption\":\"hay festival 2020 destaca\"},{\"@type\":\"BreadcrumbList\",\"@id\":\"https:\\\/\\\/josefelixvaldivieso.com\\\/epictetus-in-the-garden-hay-festival-2020\\\/#breadcrumb\",\"itemListElement\":[{\"@type\":\"ListItem\",\"position\":1,\"name\":\"Home\",\"item\":\"http:\\\/\\\/josefelixvaldivieso.com\\\/en\\\/\"},{\"@type\":\"ListItem\",\"position\":2,\"name\":\"Epicteto en el jard\u00edn: Hay Festival 2020\"}]},{\"@type\":\"WebSite\",\"@id\":\"http:\\\/\\\/josefelixvaldivieso.com\\\/en\\\/#website\",\"url\":\"http:\\\/\\\/josefelixvaldivieso.com\\\/en\\\/\",\"name\":\"Jos\u00e9 F\u00e9lix Valdivieso\",\"description\":\"Blog de Autor\",\"potentialAction\":[{\"@type\":\"SearchAction\",\"target\":{\"@type\":\"EntryPoint\",\"urlTemplate\":\"http:\\\/\\\/josefelixvaldivieso.com\\\/en\\\/?s={search_term_string}\"},\"query-input\":{\"@type\":\"PropertyValueSpecification\",\"valueRequired\":true,\"valueName\":\"search_term_string\"}}],\"inLanguage\":\"en-US\"},{\"@type\":\"Person\",\"@id\":\"http:\\\/\\\/josefelixvaldivieso.com\\\/en\\\/#\\\/schema\\\/person\\\/67ba99ab653431f710fce4905a5c8393\",\"name\":\"Jos\u00e9 F\u00e9lix Valdivieso\",\"image\":{\"@type\":\"ImageObject\",\"inLanguage\":\"en-US\",\"@id\":\"https:\\\/\\\/secure.gravatar.com\\\/avatar\\\/d58ce199f32408b18b765e0c61055ec1c82991cd24cd493e20f82c9108ea2f7f?s=96&d=mm&r=g\",\"url\":\"https:\\\/\\\/secure.gravatar.com\\\/avatar\\\/d58ce199f32408b18b765e0c61055ec1c82991cd24cd493e20f82c9108ea2f7f?s=96&d=mm&r=g\",\"contentUrl\":\"https:\\\/\\\/secure.gravatar.com\\\/avatar\\\/d58ce199f32408b18b765e0c61055ec1c82991cd24cd493e20f82c9108ea2f7f?s=96&d=mm&r=g\",\"caption\":\"Jos\u00e9 F\u00e9lix Valdivieso\"}}]}<\/script>\n<!-- \/ Yoast SEO plugin. -->","yoast_head_json":{"title":"[:es]Epicteto en el jard\u00edn: Hay Festival 2020[:en]Epictetus in the garden: Hay Festival 2020[:]","description":"Un casual encuentro en la librer\u00eda Rafael Alberti, con el periodista y escritor de El Pa\u00eds, Juan Cruz, lleva a conversar, a trav\u00e9s de Viaje a Canarias, con Mercedes Pinto, Luis Bu\u00f1uel, Pablo Neruda, Lola Larumbe\u2026","robots":{"index":"index","follow":"follow","max-snippet":"max-snippet:-1","max-image-preview":"max-image-preview:large","max-video-preview":"max-video-preview:-1"},"canonical":"https:\/\/josefelixvaldivieso.com\/epictetus-in-the-garden-hay-festival-2020\/","og_locale":"en_US","og_type":"article","og_title":"[:es]Epicteto en el jard\u00edn: Hay Festival 2020[:en]Epictetus in the garden: Hay Festival 2020[:]","og_description":"Un casual encuentro en la librer\u00eda Rafael Alberti, con el periodista y escritor de El Pa\u00eds, Juan Cruz, lleva a conversar, a trav\u00e9s de Viaje a Canarias, con Mercedes Pinto, Luis Bu\u00f1uel, Pablo Neruda, Lola Larumbe\u2026","og_url":"https:\/\/josefelixvaldivieso.com\/epictetus-in-the-garden-hay-festival-2020\/","og_site_name":"Jos\u00e9 F\u00e9lix Valdivieso","article_published_time":"2020-09-23T12:00:26+00:00","article_modified_time":"2022-01-14T11:47:47+00:00","og_image":[{"width":1280,"height":720,"url":"https:\/\/josefelixvaldivieso.com\/wp-content\/uploads\/hay-festival-destaca.jpg","type":"image\/jpeg"}],"author":"Jos\u00e9 F\u00e9lix Valdivieso","twitter_card":"summary_large_image","twitter_misc":{"Written by":"Jos\u00e9 F\u00e9lix Valdivieso","Est. reading time":"14 minutes"},"schema":{"@context":"https:\/\/schema.org","@graph":[{"@type":"Article","@id":"https:\/\/josefelixvaldivieso.com\/epictetus-in-the-garden-hay-festival-2020\/#article","isPartOf":{"@id":"https:\/\/josefelixvaldivieso.com\/epictetus-in-the-garden-hay-festival-2020\/"},"author":{"name":"Jos\u00e9 F\u00e9lix Valdivieso","@id":"http:\/\/josefelixvaldivieso.com\/en\/#\/schema\/person\/67ba99ab653431f710fce4905a5c8393"},"headline":"Epictetus in the garden: Hay Festival 2020","datePublished":"2020-09-23T12:00:26+00:00","dateModified":"2022-01-14T11:47:47+00:00","mainEntityOfPage":{"@id":"https:\/\/josefelixvaldivieso.com\/epictetus-in-the-garden-hay-festival-2020\/"},"wordCount":2902,"image":{"@id":"https:\/\/josefelixvaldivieso.com\/epictetus-in-the-garden-hay-festival-2020\/#primaryimage"},"thumbnailUrl":"https:\/\/josefelixvaldivieso.com\/wp-content\/uploads\/hay-festival-destaca.jpg","articleSection":["Hay Festival","Short story","Poetry"],"inLanguage":"en-US"},{"@type":"WebPage","@id":"https:\/\/josefelixvaldivieso.com\/epictetus-in-the-garden-hay-festival-2020\/","url":"https:\/\/josefelixvaldivieso.com\/epictetus-in-the-garden-hay-festival-2020\/","name":"[:es]Epicteto en el jard\u00edn: Hay Festival 2020[:en]Epictetus in the garden: Hay Festival 2020[:]","isPartOf":{"@id":"http:\/\/josefelixvaldivieso.com\/en\/#website"},"primaryImageOfPage":{"@id":"https:\/\/josefelixvaldivieso.com\/epictetus-in-the-garden-hay-festival-2020\/#primaryimage"},"image":{"@id":"https:\/\/josefelixvaldivieso.com\/epictetus-in-the-garden-hay-festival-2020\/#primaryimage"},"thumbnailUrl":"https:\/\/josefelixvaldivieso.com\/wp-content\/uploads\/hay-festival-destaca.jpg","datePublished":"2020-09-23T12:00:26+00:00","dateModified":"2022-01-14T11:47:47+00:00","author":{"@id":"http:\/\/josefelixvaldivieso.com\/en\/#\/schema\/person\/67ba99ab653431f710fce4905a5c8393"},"description":"Un casual encuentro en la librer\u00eda Rafael Alberti, con el periodista y escritor de El Pa\u00eds, Juan Cruz, lleva a conversar, a trav\u00e9s de Viaje a Canarias, con Mercedes Pinto, Luis Bu\u00f1uel, Pablo Neruda, Lola Larumbe\u2026","breadcrumb":{"@id":"https:\/\/josefelixvaldivieso.com\/epictetus-in-the-garden-hay-festival-2020\/#breadcrumb"},"inLanguage":"en-US","potentialAction":[{"@type":"ReadAction","target":["https:\/\/josefelixvaldivieso.com\/epictetus-in-the-garden-hay-festival-2020\/"]}]},{"@type":"ImageObject","inLanguage":"en-US","@id":"https:\/\/josefelixvaldivieso.com\/epictetus-in-the-garden-hay-festival-2020\/#primaryimage","url":"https:\/\/josefelixvaldivieso.com\/wp-content\/uploads\/hay-festival-destaca.jpg","contentUrl":"https:\/\/josefelixvaldivieso.com\/wp-content\/uploads\/hay-festival-destaca.jpg","width":1280,"height":720,"caption":"hay festival 2020 destaca"},{"@type":"BreadcrumbList","@id":"https:\/\/josefelixvaldivieso.com\/epictetus-in-the-garden-hay-festival-2020\/#breadcrumb","itemListElement":[{"@type":"ListItem","position":1,"name":"Home","item":"http:\/\/josefelixvaldivieso.com\/en\/"},{"@type":"ListItem","position":2,"name":"Epicteto en el jard\u00edn: Hay Festival 2020"}]},{"@type":"WebSite","@id":"http:\/\/josefelixvaldivieso.com\/en\/#website","url":"http:\/\/josefelixvaldivieso.com\/en\/","name":"Jos\u00e9 F\u00e9lix Valdivieso","description":"Blog de Autor","potentialAction":[{"@type":"SearchAction","target":{"@type":"EntryPoint","urlTemplate":"http:\/\/josefelixvaldivieso.com\/en\/?s={search_term_string}"},"query-input":{"@type":"PropertyValueSpecification","valueRequired":true,"valueName":"search_term_string"}}],"inLanguage":"en-US"},{"@type":"Person","@id":"http:\/\/josefelixvaldivieso.com\/en\/#\/schema\/person\/67ba99ab653431f710fce4905a5c8393","name":"Jos\u00e9 F\u00e9lix Valdivieso","image":{"@type":"ImageObject","inLanguage":"en-US","@id":"https:\/\/secure.gravatar.com\/avatar\/d58ce199f32408b18b765e0c61055ec1c82991cd24cd493e20f82c9108ea2f7f?s=96&d=mm&r=g","url":"https:\/\/secure.gravatar.com\/avatar\/d58ce199f32408b18b765e0c61055ec1c82991cd24cd493e20f82c9108ea2f7f?s=96&d=mm&r=g","contentUrl":"https:\/\/secure.gravatar.com\/avatar\/d58ce199f32408b18b765e0c61055ec1c82991cd24cd493e20f82c9108ea2f7f?s=96&d=mm&r=g","caption":"Jos\u00e9 F\u00e9lix Valdivieso"}}]}},"_links":{"self":[{"href":"https:\/\/josefelixvaldivieso.com\/en\/wp-json\/wp\/v2\/posts\/4852","targetHints":{"allow":["GET"]}}],"collection":[{"href":"https:\/\/josefelixvaldivieso.com\/en\/wp-json\/wp\/v2\/posts"}],"about":[{"href":"https:\/\/josefelixvaldivieso.com\/en\/wp-json\/wp\/v2\/types\/post"}],"author":[{"embeddable":true,"href":"https:\/\/josefelixvaldivieso.com\/en\/wp-json\/wp\/v2\/users\/2"}],"replies":[{"embeddable":true,"href":"https:\/\/josefelixvaldivieso.com\/en\/wp-json\/wp\/v2\/comments?post=4852"}],"version-history":[{"count":100,"href":"https:\/\/josefelixvaldivieso.com\/en\/wp-json\/wp\/v2\/posts\/4852\/revisions"}],"predecessor-version":[{"id":4982,"href":"https:\/\/josefelixvaldivieso.com\/en\/wp-json\/wp\/v2\/posts\/4852\/revisions\/4982"}],"wp:featuredmedia":[{"embeddable":true,"href":"https:\/\/josefelixvaldivieso.com\/en\/wp-json\/wp\/v2\/media\/4896"}],"wp:attachment":[{"href":"https:\/\/josefelixvaldivieso.com\/en\/wp-json\/wp\/v2\/media?parent=4852"}],"wp:term":[{"taxonomy":"category","embeddable":true,"href":"https:\/\/josefelixvaldivieso.com\/en\/wp-json\/wp\/v2\/categories?post=4852"},{"taxonomy":"post_tag","embeddable":true,"href":"https:\/\/josefelixvaldivieso.com\/en\/wp-json\/wp\/v2\/tags?post=4852"}],"curies":[{"name":"wp","href":"https:\/\/api.w.org\/{rel}","templated":true}]}}